{"id":1760,"date":"2024-09-12T13:00:45","date_gmt":"2024-09-12T13:00:45","guid":{"rendered":"https:\/\/alliancefraoste.it\/?p=1760"},"modified":"2024-09-12T15:58:23","modified_gmt":"2024-09-12T15:58:23","slug":"benjamin-piat-en-concert-gratuit-a-aoste-une-soiree-musicale-unique","status":"publish","type":"post","link":"https:\/\/alliancefraoste.it\/fr\/benjamin-piat-en-concert-gratuit-a-aoste-une-soiree-musicale-unique\/","title":{"rendered":"Benjamin Piat en concert gratuit \u00e0 Aoste : une soir\u00e9e musicale unique"},"content":{"rendered":"\n<p>L&rsquo;Alliance Fran\u00e7aise de la Vall\u00e9e d\u2019Aoste est heureuse de pr\u00e9senter le concert gratuit de Benjamin Piat, qui se tiendra le 28 septembre 2024 au Th\u00e9\u00e2tre Giuseppe Giacosa d\u2019Aoste \u00e0 21h00. Cet \u00e9v\u00e9nement exclusif fait partie de la tourn\u00e9e europ\u00e9enne du chanteur fran\u00e7ais, qui interpr\u00e9tera sur sc\u00e8ne son album acclam\u00e9 <em>Bivouac<\/em>. Fruit d&rsquo;une longue tourn\u00e9e dans plus de 35 pays, <em>Bivouac<\/em> refl\u00e8te la rencontre entre diff\u00e9rentes cultures, notamment europ\u00e9ennes et orientales, et se distingue par son son solaire, \u00e9nergique et optimiste.<\/p>\n\n\n\n<p>L&rsquo;album a re\u00e7u des critiques enthousiastes : <em>Bivouac<\/em> est d\u00e9crit comme une \u0153uvre capturant les influences culturelles absorb\u00e9es par l&rsquo;artiste lors de ses voyages dans 35 pays.<\/p>\n\n\n\n<p>En premi\u00e8re partie, se produira Maria Elter, talentueuse chanteuse vald\u00f4taine qui utilise le fran\u00e7ais comme moyen d\u2019expression. Elle pr\u00e9sentera ses morceaux, dont <em>Carrousel<\/em>, produit par le vald\u00f4tain Momo Riva. La jeune artiste s\u2019est impos\u00e9e sur la sc\u00e8ne indie gr\u00e2ce \u00e0 sa voix d\u00e9licate et \u00e0 ses arrangements \u00e9mouvants. Sa pr\u00e9sence constitue un parfait compl\u00e9ment au style dynamique et captivant de Benjamin Piat, offrant ainsi au public vald\u00f4tain une exp\u00e9rience musicale unique.<\/p>\n\n\n\n<figure class=\"wp-block-embed is-type-video is-provider-youtube wp-block-embed-youtube wp-embed-aspect-16-9 wp-has-aspect-ratio\"><div class=\"wp-block-embed__wrapper\">\n<iframe loading=\"lazy\" title=\"Benjamin Piat | BIVOUAC TOUR 2025\" width=\"1060\" height=\"596\" src=\"https:\/\/www.youtube.com\/embed\/KVcrL9hjFwg?feature=oembed\" frameborder=\"0\" allow=\"accelerometer; autoplay; clipboard-write; encrypted-media; gyroscope; picture-in-picture; web-share\" referrerpolicy=\"strict-origin-when-cross-origin\" allowfullscreen><\/iframe>\n<\/div><\/figure>\n\n\n\n<figure class=\"wp-block-embed is-type-video is-provider-youtube wp-block-embed-youtube wp-embed-aspect-16-9 wp-has-aspect-ratio\"><div class=\"wp-block-embed__wrapper\">\n<iframe loading=\"lazy\" title=\"Maria Elter | Carrousel (Prod. Momo Riva) [Official Video]\" width=\"1060\" height=\"596\" src=\"https:\/\/www.youtube.com\/embed\/2T69l-bQ1y8?feature=oembed\" frameborder=\"0\" allow=\"accelerometer; autoplay; clipboard-write; encrypted-media; gyroscope; picture-in-picture; web-share\" referrerpolicy=\"strict-origin-when-cross-origin\" allowfullscreen><\/iframe>\n<\/div><\/figure>\n","protected":false},"excerpt":{"rendered":"<p>L&rsquo;Alliance Fran\u00e7aise de la Vall\u00e9e d\u2019Aoste est heureuse de pr\u00e9senter le concert gratuit de Benjamin Piat, qui se tiendra le 28 septembre 2024 au Th\u00e9\u00e2tre Giuseppe Giacosa d\u2019Aoste \u00e0 21h00. Cet \u00e9v\u00e9nement exclusif fait partie de la tourn\u00e9e europ\u00e9enne du chanteur fran\u00e7ais, qui interpr\u00e9tera sur&#8230;<\/p>\n","protected":false},"author":1,"featured_media":1729,"comment_status":"closed","ping_status":"closed","sticky":false,"template":"","format":"standard","meta":{"footnotes":""},"categories":[29,31],"tags":[],"class_list":["post-1760","post","type-post","status-publish","format-standard","has-post-thumbnail","hentry","category-avvisi-fr","category-nouvelles"],"yoast_head":"<!-- This site is optimized with the Yoast SEO plugin v27.4 - https:\/\/yoast.com\/product\/yoast-seo-wordpress\/ -->\n<title>Benjamin Piat en concert gratuit \u00e0 Aoste : une soir\u00e9e musicale unique - Alliance Francaise<\/title>\n<meta name=\"robots\" content=\"index, follow, max-snippet:-1, max-image-preview:large, max-video-preview:-1\" \/>\n<link rel=\"canonical\" href=\"https:\/\/alliancefraoste.it\/fr\/benjamin-piat-en-concert-gratuit-a-aoste-une-soiree-musicale-unique\/\" \/>\n<meta property=\"og:locale\" content=\"fr_FR\" \/>\n<meta property=\"og:type\" content=\"article\" \/>\n<meta property=\"og:title\" content=\"Benjamin Piat en concert gratuit \u00e0 Aoste : une soir\u00e9e musicale unique - Alliance Francaise\" \/>\n<meta property=\"og:description\" content=\"L&rsquo;Alliance Fran\u00e7aise de la Vall\u00e9e d\u2019Aoste est heureuse de pr\u00e9senter le concert gratuit de Benjamin Piat, qui se tiendra le 28 septembre 2024 au Th\u00e9\u00e2tre Giuseppe Giacosa d\u2019Aoste \u00e0 21h00. Cet \u00e9v\u00e9nement exclusif fait partie de la tourn\u00e9e europ\u00e9enne du chanteur fran\u00e7ais, qui interpr\u00e9tera sur...\" \/>\n<meta property=\"og:url\" content=\"https:\/\/alliancefraoste.it\/fr\/benjamin-piat-en-concert-gratuit-a-aoste-une-soiree-musicale-unique\/\" \/>\n<meta property=\"og:site_name\" content=\"Alliance Francaise\" \/>\n<meta property=\"article:published_time\" content=\"2024-09-12T13:00:45+00:00\" \/>\n<meta property=\"article:modified_time\" content=\"2024-09-12T15:58:23+00:00\" \/>\n<meta property=\"og:image\" content=\"https:\/\/alliancefraoste.it\/wp-content\/uploads\/2024\/09\/Benjamin-scaled.jpg\" \/>\n\t<meta property=\"og:image:width\" content=\"1810\" \/>\n\t<meta property=\"og:image:height\" content=\"2560\" \/>\n\t<meta property=\"og:image:type\" content=\"image\/jpeg\" \/>\n<meta name=\"author\" content=\"admin\" \/>\n<meta name=\"twitter:card\" content=\"summary_large_image\" \/>\n<meta name=\"twitter:label1\" content=\"\u00c9crit par\" \/>\n\t<meta name=\"twitter:data1\" content=\"admin\" \/>\n\t<meta name=\"twitter:label2\" content=\"Dur\u00e9e de lecture estim\u00e9e\" \/>\n\t<meta name=\"twitter:data2\" content=\"2 minutes\" \/>\n<script type=\"application\/ld+json\" class=\"yoast-schema-graph\">{\"@context\":\"https:\\\/\\\/schema.org\",\"@graph\":[{\"@type\":\"Article\",\"@id\":\"https:\\\/\\\/alliancefraoste.it\\\/fr\\\/benjamin-piat-en-concert-gratuit-a-aoste-une-soiree-musicale-unique\\\/#article\",\"isPartOf\":{\"@id\":\"https:\\\/\\\/alliancefraoste.it\\\/fr\\\/benjamin-piat-en-concert-gratuit-a-aoste-une-soiree-musicale-unique\\\/\"},\"author\":{\"name\":\"admin\",\"@id\":\"https:\\\/\\\/alliancefraoste.it\\\/#\\\/schema\\\/person\\\/a70235d88d931c0843a1b3d3666ec83a\"},\"headline\":\"Benjamin Piat en concert gratuit \u00e0 Aoste : une soir\u00e9e musicale unique\",\"datePublished\":\"2024-09-12T13:00:45+00:00\",\"dateModified\":\"2024-09-12T15:58:23+00:00\",\"mainEntityOfPage\":{\"@id\":\"https:\\\/\\\/alliancefraoste.it\\\/fr\\\/benjamin-piat-en-concert-gratuit-a-aoste-une-soiree-musicale-unique\\\/\"},\"wordCount\":232,\"image\":{\"@id\":\"https:\\\/\\\/alliancefraoste.it\\\/fr\\\/benjamin-piat-en-concert-gratuit-a-aoste-une-soiree-musicale-unique\\\/#primaryimage\"},\"thumbnailUrl\":\"https:\\\/\\\/alliancefraoste.it\\\/wp-content\\\/uploads\\\/2024\\\/09\\\/Benjamin-scaled.jpg\",\"articleSection\":[\"avvisi\",\"nouvelles\"],\"inLanguage\":\"fr-FR\"},{\"@type\":\"WebPage\",\"@id\":\"https:\\\/\\\/alliancefraoste.it\\\/fr\\\/benjamin-piat-en-concert-gratuit-a-aoste-une-soiree-musicale-unique\\\/\",\"url\":\"https:\\\/\\\/alliancefraoste.it\\\/fr\\\/benjamin-piat-en-concert-gratuit-a-aoste-une-soiree-musicale-unique\\\/\",\"name\":\"Benjamin Piat en concert gratuit \u00e0 Aoste : une soir\u00e9e musicale unique - Alliance Francaise\",\"isPartOf\":{\"@id\":\"https:\\\/\\\/alliancefraoste.it\\\/#website\"},\"primaryImageOfPage\":{\"@id\":\"https:\\\/\\\/alliancefraoste.it\\\/fr\\\/benjamin-piat-en-concert-gratuit-a-aoste-une-soiree-musicale-unique\\\/#primaryimage\"},\"image\":{\"@id\":\"https:\\\/\\\/alliancefraoste.it\\\/fr\\\/benjamin-piat-en-concert-gratuit-a-aoste-une-soiree-musicale-unique\\\/#primaryimage\"},\"thumbnailUrl\":\"https:\\\/\\\/alliancefraoste.it\\\/wp-content\\\/uploads\\\/2024\\\/09\\\/Benjamin-scaled.jpg\",\"datePublished\":\"2024-09-12T13:00:45+00:00\",\"dateModified\":\"2024-09-12T15:58:23+00:00\",\"author\":{\"@id\":\"https:\\\/\\\/alliancefraoste.it\\\/#\\\/schema\\\/person\\\/a70235d88d931c0843a1b3d3666ec83a\"},\"breadcrumb\":{\"@id\":\"https:\\\/\\\/alliancefraoste.it\\\/fr\\\/benjamin-piat-en-concert-gratuit-a-aoste-une-soiree-musicale-unique\\\/#breadcrumb\"},\"inLanguage\":\"fr-FR\",\"potentialAction\":[{\"@type\":\"ReadAction\",\"target\":[\"https:\\\/\\\/alliancefraoste.it\\\/fr\\\/benjamin-piat-en-concert-gratuit-a-aoste-une-soiree-musicale-unique\\\/\"]}]},{\"@type\":\"ImageObject\",\"inLanguage\":\"fr-FR\",\"@id\":\"https:\\\/\\\/alliancefraoste.it\\\/fr\\\/benjamin-piat-en-concert-gratuit-a-aoste-une-soiree-musicale-unique\\\/#primaryimage\",\"url\":\"https:\\\/\\\/alliancefraoste.it\\\/wp-content\\\/uploads\\\/2024\\\/09\\\/Benjamin-scaled.jpg\",\"contentUrl\":\"https:\\\/\\\/alliancefraoste.it\\\/wp-content\\\/uploads\\\/2024\\\/09\\\/Benjamin-scaled.jpg\",\"width\":1810,\"height\":2560},{\"@type\":\"BreadcrumbList\",\"@id\":\"https:\\\/\\\/alliancefraoste.it\\\/fr\\\/benjamin-piat-en-concert-gratuit-a-aoste-une-soiree-musicale-unique\\\/#breadcrumb\",\"itemListElement\":[{\"@type\":\"ListItem\",\"position\":1,\"name\":\"Home\",\"item\":\"https:\\\/\\\/alliancefraoste.it\\\/fr\\\/\"},{\"@type\":\"ListItem\",\"position\":2,\"name\":\"Benjamin Piat en concert gratuit \u00e0 Aoste : une soir\u00e9e musicale unique\"}]},{\"@type\":\"WebSite\",\"@id\":\"https:\\\/\\\/alliancefraoste.it\\\/#website\",\"url\":\"https:\\\/\\\/alliancefraoste.it\\\/\",\"name\":\"Alliance Francaise\",\"description\":\"Vall\u00e9e d&#039;Aoste\",\"potentialAction\":[{\"@type\":\"SearchAction\",\"target\":{\"@type\":\"EntryPoint\",\"urlTemplate\":\"https:\\\/\\\/alliancefraoste.it\\\/?s={search_term_string}\"},\"query-input\":{\"@type\":\"PropertyValueSpecification\",\"valueRequired\":true,\"valueName\":\"search_term_string\"}}],\"inLanguage\":\"fr-FR\"},{\"@type\":\"Person\",\"@id\":\"https:\\\/\\\/alliancefraoste.it\\\/#\\\/schema\\\/person\\\/a70235d88d931c0843a1b3d3666ec83a\",\"name\":\"admin\",\"image\":{\"@type\":\"ImageObject\",\"inLanguage\":\"fr-FR\",\"@id\":\"https:\\\/\\\/secure.gravatar.com\\\/avatar\\\/5a57d9e7cc1c0c0b9d6b328f9e115cd7c691f03918a907d8a717c5a5a91d8b1e?s=96&d=mm&r=g\",\"url\":\"https:\\\/\\\/secure.gravatar.com\\\/avatar\\\/5a57d9e7cc1c0c0b9d6b328f9e115cd7c691f03918a907d8a717c5a5a91d8b1e?s=96&d=mm&r=g\",\"contentUrl\":\"https:\\\/\\\/secure.gravatar.com\\\/avatar\\\/5a57d9e7cc1c0c0b9d6b328f9e115cd7c691f03918a907d8a717c5a5a91d8b1e?s=96&d=mm&r=g\",\"caption\":\"admin\"},\"sameAs\":[\"https:\\\/\\\/alliancefraoste.it\"],\"url\":\"https:\\\/\\\/alliancefraoste.it\\\/fr\\\/author\\\/admin\\\/\"}]}<\/script>\n<!-- \/ Yoast SEO plugin. -->","yoast_head_json":{"title":"Benjamin Piat en concert gratuit \u00e0 Aoste : une soir\u00e9e musicale unique - Alliance Francaise","robots":{"index":"index","follow":"follow","max-snippet":"max-snippet:-1","max-image-preview":"max-image-preview:large","max-video-preview":"max-video-preview:-1"},"canonical":"https:\/\/alliancefraoste.it\/fr\/benjamin-piat-en-concert-gratuit-a-aoste-une-soiree-musicale-unique\/","og_locale":"fr_FR","og_type":"article","og_title":"Benjamin Piat en concert gratuit \u00e0 Aoste : une soir\u00e9e musicale unique - Alliance Francaise","og_description":"L&rsquo;Alliance Fran\u00e7aise de la Vall\u00e9e d\u2019Aoste est heureuse de pr\u00e9senter le concert gratuit de Benjamin Piat, qui se tiendra le 28 septembre 2024 au Th\u00e9\u00e2tre Giuseppe Giacosa d\u2019Aoste \u00e0 21h00. Cet \u00e9v\u00e9nement exclusif fait partie de la tourn\u00e9e europ\u00e9enne du chanteur fran\u00e7ais, qui interpr\u00e9tera sur...","og_url":"https:\/\/alliancefraoste.it\/fr\/benjamin-piat-en-concert-gratuit-a-aoste-une-soiree-musicale-unique\/","og_site_name":"Alliance Francaise","article_published_time":"2024-09-12T13:00:45+00:00","article_modified_time":"2024-09-12T15:58:23+00:00","og_image":[{"width":1810,"height":2560,"url":"https:\/\/alliancefraoste.it\/wp-content\/uploads\/2024\/09\/Benjamin-scaled.jpg","type":"image\/jpeg"}],"author":"admin","twitter_card":"summary_large_image","twitter_misc":{"\u00c9crit par":"admin","Dur\u00e9e de lecture estim\u00e9e":"2 minutes"},"schema":{"@context":"https:\/\/schema.org","@graph":[{"@type":"Article","@id":"https:\/\/alliancefraoste.it\/fr\/benjamin-piat-en-concert-gratuit-a-aoste-une-soiree-musicale-unique\/#article","isPartOf":{"@id":"https:\/\/alliancefraoste.it\/fr\/benjamin-piat-en-concert-gratuit-a-aoste-une-soiree-musicale-unique\/"},"author":{"name":"admin","@id":"https:\/\/alliancefraoste.it\/#\/schema\/person\/a70235d88d931c0843a1b3d3666ec83a"},"headline":"Benjamin Piat en concert gratuit \u00e0 Aoste : une soir\u00e9e musicale unique","datePublished":"2024-09-12T13:00:45+00:00","dateModified":"2024-09-12T15:58:23+00:00","mainEntityOfPage":{"@id":"https:\/\/alliancefraoste.it\/fr\/benjamin-piat-en-concert-gratuit-a-aoste-une-soiree-musicale-unique\/"},"wordCount":232,"image":{"@id":"https:\/\/alliancefraoste.it\/fr\/benjamin-piat-en-concert-gratuit-a-aoste-une-soiree-musicale-unique\/#primaryimage"},"thumbnailUrl":"https:\/\/alliancefraoste.it\/wp-content\/uploads\/2024\/09\/Benjamin-scaled.jpg","articleSection":["avvisi","nouvelles"],"inLanguage":"fr-FR"},{"@type":"WebPage","@id":"https:\/\/alliancefraoste.it\/fr\/benjamin-piat-en-concert-gratuit-a-aoste-une-soiree-musicale-unique\/","url":"https:\/\/alliancefraoste.it\/fr\/benjamin-piat-en-concert-gratuit-a-aoste-une-soiree-musicale-unique\/","name":"Benjamin Piat en concert gratuit \u00e0 Aoste : une soir\u00e9e musicale unique - Alliance Francaise","isPartOf":{"@id":"https:\/\/alliancefraoste.it\/#website"},"primaryImageOfPage":{"@id":"https:\/\/alliancefraoste.it\/fr\/benjamin-piat-en-concert-gratuit-a-aoste-une-soiree-musicale-unique\/#primaryimage"},"image":{"@id":"https:\/\/alliancefraoste.it\/fr\/benjamin-piat-en-concert-gratuit-a-aoste-une-soiree-musicale-unique\/#primaryimage"},"thumbnailUrl":"https:\/\/alliancefraoste.it\/wp-content\/uploads\/2024\/09\/Benjamin-scaled.jpg","datePublished":"2024-09-12T13:00:45+00:00","dateModified":"2024-09-12T15:58:23+00:00","author":{"@id":"https:\/\/alliancefraoste.it\/#\/schema\/person\/a70235d88d931c0843a1b3d3666ec83a"},"breadcrumb":{"@id":"https:\/\/alliancefraoste.it\/fr\/benjamin-piat-en-concert-gratuit-a-aoste-une-soiree-musicale-unique\/#breadcrumb"},"inLanguage":"fr-FR","potentialAction":[{"@type":"ReadAction","target":["https:\/\/alliancefraoste.it\/fr\/benjamin-piat-en-concert-gratuit-a-aoste-une-soiree-musicale-unique\/"]}]},{"@type":"ImageObject","inLanguage":"fr-FR","@id":"https:\/\/alliancefraoste.it\/fr\/benjamin-piat-en-concert-gratuit-a-aoste-une-soiree-musicale-unique\/#primaryimage","url":"https:\/\/alliancefraoste.it\/wp-content\/uploads\/2024\/09\/Benjamin-scaled.jpg","contentUrl":"https:\/\/alliancefraoste.it\/wp-content\/uploads\/2024\/09\/Benjamin-scaled.jpg","width":1810,"height":2560},{"@type":"BreadcrumbList","@id":"https:\/\/alliancefraoste.it\/fr\/benjamin-piat-en-concert-gratuit-a-aoste-une-soiree-musicale-unique\/#breadcrumb","itemListElement":[{"@type":"ListItem","position":1,"name":"Home","item":"https:\/\/alliancefraoste.it\/fr\/"},{"@type":"ListItem","position":2,"name":"Benjamin Piat en concert gratuit \u00e0 Aoste : une soir\u00e9e musicale unique"}]},{"@type":"WebSite","@id":"https:\/\/alliancefraoste.it\/#website","url":"https:\/\/alliancefraoste.it\/","name":"Alliance Francaise","description":"Vall\u00e9e d&#039;Aoste","potentialAction":[{"@type":"SearchAction","target":{"@type":"EntryPoint","urlTemplate":"https:\/\/alliancefraoste.it\/?s={search_term_string}"},"query-input":{"@type":"PropertyValueSpecification","valueRequired":true,"valueName":"search_term_string"}}],"inLanguage":"fr-FR"},{"@type":"Person","@id":"https:\/\/alliancefraoste.it\/#\/schema\/person\/a70235d88d931c0843a1b3d3666ec83a","name":"admin","image":{"@type":"ImageObject","inLanguage":"fr-FR","@id":"https:\/\/secure.gravatar.com\/avatar\/5a57d9e7cc1c0c0b9d6b328f9e115cd7c691f03918a907d8a717c5a5a91d8b1e?s=96&d=mm&r=g","url":"https:\/\/secure.gravatar.com\/avatar\/5a57d9e7cc1c0c0b9d6b328f9e115cd7c691f03918a907d8a717c5a5a91d8b1e?s=96&d=mm&r=g","contentUrl":"https:\/\/secure.gravatar.com\/avatar\/5a57d9e7cc1c0c0b9d6b328f9e115cd7c691f03918a907d8a717c5a5a91d8b1e?s=96&d=mm&r=g","caption":"admin"},"sameAs":["https:\/\/alliancefraoste.it"],"url":"https:\/\/alliancefraoste.it\/fr\/author\/admin\/"}]}},"_links":{"self":[{"href":"https:\/\/alliancefraoste.it\/fr\/wp-json\/wp\/v2\/posts\/1760","targetHints":{"allow":["GET"]}}],"collection":[{"href":"https:\/\/alliancefraoste.it\/fr\/wp-json\/wp\/v2\/posts"}],"about":[{"href":"https:\/\/alliancefraoste.it\/fr\/wp-json\/wp\/v2\/types\/post"}],"author":[{"embeddable":true,"href":"https:\/\/alliancefraoste.it\/fr\/wp-json\/wp\/v2\/users\/1"}],"replies":[{"embeddable":true,"href":"https:\/\/alliancefraoste.it\/fr\/wp-json\/wp\/v2\/comments?post=1760"}],"version-history":[{"count":1,"href":"https:\/\/alliancefraoste.it\/fr\/wp-json\/wp\/v2\/posts\/1760\/revisions"}],"predecessor-version":[{"id":1761,"href":"https:\/\/alliancefraoste.it\/fr\/wp-json\/wp\/v2\/posts\/1760\/revisions\/1761"}],"wp:featuredmedia":[{"embeddable":true,"href":"https:\/\/alliancefraoste.it\/fr\/wp-json\/wp\/v2\/media\/1729"}],"wp:attachment":[{"href":"https:\/\/alliancefraoste.it\/fr\/wp-json\/wp\/v2\/media?parent=1760"}],"wp:term":[{"taxonomy":"category","embeddable":true,"href":"https:\/\/alliancefraoste.it\/fr\/wp-json\/wp\/v2\/categories?post=1760"},{"taxonomy":"post_tag","embeddable":true,"href":"https:\/\/alliancefraoste.it\/fr\/wp-json\/wp\/v2\/tags?post=1760"}],"curies":[{"name":"wp","href":"https:\/\/api.w.org\/{rel}","templated":true}]}}