{"id":1780,"date":"2024-10-19T15:55:00","date_gmt":"2024-10-19T15:55:00","guid":{"rendered":"https:\/\/alliancefraoste.it\/?p=1780"},"modified":"2024-10-30T16:13:53","modified_gmt":"2024-10-30T16:13:53","slug":"les-femmes-du-bout-du-monde-de-melissa-da-costa","status":"publish","type":"post","link":"https:\/\/alliancefraoste.it\/fr\/les-femmes-du-bout-du-monde-de-melissa-da-costa\/","title":{"rendered":"Les femmes du bout du monde de M\u00e9lissa Da Costa"},"content":{"rendered":"<div class=\"wp-block-image\">\n<figure class=\"alignleft size-large is-resized\"><img loading=\"lazy\" decoding=\"async\" width=\"724\" height=\"1024\" src=\"https:\/\/alliancefraoste.it\/wp-content\/uploads\/2024\/09\/Cafe-724x1024.jpg\" alt=\"\" class=\"wp-image-1734\" style=\"width:396px;height:auto\" srcset=\"https:\/\/alliancefraoste.it\/wp-content\/uploads\/2024\/09\/Cafe-724x1024.jpg 724w, https:\/\/alliancefraoste.it\/wp-content\/uploads\/2024\/09\/Cafe-212x300.jpg 212w, https:\/\/alliancefraoste.it\/wp-content\/uploads\/2024\/09\/Cafe-768x1086.jpg 768w, https:\/\/alliancefraoste.it\/wp-content\/uploads\/2024\/09\/Cafe-1086x1536.jpg 1086w, https:\/\/alliancefraoste.it\/wp-content\/uploads\/2024\/09\/Cafe-1448x2048.jpg 1448w, https:\/\/alliancefraoste.it\/wp-content\/uploads\/2024\/09\/Cafe-700x990.jpg 700w, https:\/\/alliancefraoste.it\/wp-content\/uploads\/2024\/09\/Cafe-scaled.jpg 1810w\" sizes=\"auto, (max-width: 724px) 100vw, 724px\" \/><\/figure>\n<\/div>\n\n\n<p>Les lecteurs du Caf\u00e9 litt\u00e9raire se retrouvent \u00e0 nouveau mercredi 23 octobre, \u00e0 la biblioth\u00e8que r\u00e9gionale pour parler d\u2019un livre dont\u00a0 ils ont d\u00e9j\u00e0 pu appr\u00e9cier l\u2019auteure, M\u00e9lissa Da Costa. En effet en 2022, elle nous avait d\u00e9j\u00e0 boulevers\u00e9s avec son roman \u00ab\u00a0Tout le bleu du ciel\u00a0\u00bb. Une fois encore, elle nous fait voyager. Apr\u00e8s les majestueuses montagnes des Pyr\u00e9n\u00e9es, elle nous transporte \u00e0 la pointe sud de la Nouvelle-Z\u00e9lande, un voyage sur une terre inconnue, la r\u00e9gion incroyable des Catlins, aux paysages stup\u00e9fiants de beaut\u00e9, aux couchers de soleil sublimes, riche en faune, en flore et en l\u00e9gendes maoris, vraiment\u00a0au bout du monde car apr\u00e8s, c&rsquo;est le p\u00f4le Sud. Et tout au bout, au-dessus de la baie, juste avant l\u2019oc\u00e9an austral, situ\u00e9 sur une r\u00e9serve naturelle se trouve le camping \u00ab\u00a0Mutunga o te ao\u00a0\u00bb, en maori \u00ab\u00a0bout du monde\u00bb, g\u00e9r\u00e9 par deux femmes, m\u00e8re et fille, Autumn et Milly qui voient d\u00e9barquer une troisi\u00e8me\u00a0: Flore, une jeune parisienne. Autumn, est veuve de Dan, scientifique, explorateur, passionn\u00e9 jusqu\u2019\u00e0 l\u2019obsession par ces for\u00eats p\u00e9trifi\u00e9es, la faune locale et surtout les manchots. Milly, fille de l\u2019oc\u00e9an, nageuse, est h\u00e9riti\u00e8re de la passion de son p\u00e8re, pour la nature, les animaux, dauphins Hector, manchots, otaries. Les deux femmes pers\u00e9v\u00e9rantes, entretiennent le camping, \u00a0du nettoyage de la plage \u00e0 celui des sanitaires. Autumn vit dans le souvenir de son mari et la terreur de voir partir sa fille. Milly a renonc\u00e9 \u00e0 d\u00e9couvrir le monde pour ne pas abandonner sa m\u00e8re, et souffre du d\u00e9part de son ami d\u2019enfance et d\u2019adolescence, Kai, fils du seul voisin Anaru, un Maori devenu solitaire.\u00a0 Milly songe \u00e0 leur complicit\u00e9, mais aussi, avec tristesse au choix de Kai d\u2019\u00e9pouser une maori et de s\u2019\u00e9loigner de la baie, alors qu\u2019ils s\u2019\u00e9taient fait des promesses. Flore, elle, c\u2019est pour s\u2019exiler qu\u2019elle a r\u00e9pondu \u00e0 l\u2019annonce \u00ab\u00a0travail physique en ext\u00e9rieur\u00a0\u00bb . En quittant la France elle avait dit\u00a0 \u00abJ\u2019irai au bout du monde, l\u00e0 o\u00f9 je\u00a0 n\u2019emmerderai plus personne\u00a0\u00bb. Elle a en horreur sa propre personne, et veut se punir du mal qu\u2019elle a fait \u00e0 son mari et \u00e0\u00a0 sa famille. D\u00e9vor\u00e9e par la culpabilit\u00e9, elle accepte\u00a0 pour cela un travail qui l\u2019\u00e9puisera, la d\u00e9gradera. Mais ces trois femmes vont s\u2019observer sans pr\u00e9jug\u00e9s, transmettre ce que chacune peut donner, Milly sera la guide de Flore qui d\u00e9couvrira des merveilles et qui confiera ses tourments et ses souffrances \u00e0 Milly, Autumn repensera d\u2019une autre mani\u00e8re \u00e0 son pass\u00e9 et \u00e0 l\u2019avenir de sa fille. Elles vont s\u2019entraider et m\u00eame s\u2019aimer.. Pour ces trois femmes attachantes un cheminement vers le pardon et la reconstruction de soi. Une tr\u00e8s belle histoire, originale,\u00a0 un livre magnifique.<\/p>\n\n\n\n<p><\/p>\n","protected":false},"excerpt":{"rendered":"<p>Les lecteurs du Caf\u00e9 litt\u00e9raire se retrouvent \u00e0 nouveau mercredi 23 octobre, \u00e0 la biblioth\u00e8que r\u00e9gionale pour parler d\u2019un livre dont\u00a0 ils ont d\u00e9j\u00e0 pu appr\u00e9cier l\u2019auteure, M\u00e9lissa Da Costa. En effet en 2022, elle nous avait d\u00e9j\u00e0 boulevers\u00e9s avec son roman \u00ab\u00a0Tout le bleu&#8230;<\/p>\n","protected":false},"author":1,"featured_media":1782,"comment_status":"closed","ping_status":"closed","sticky":true,"template":"","format":"standard","meta":{"footnotes":""},"categories":[28,29,8,31],"tags":[],"class_list":["post-1780","post","type-post","status-publish","format-standard","has-post-thumbnail","hentry","category-avvisi","category-avvisi-fr","category-notizie","category-nouvelles"],"yoast_head":"<!-- This site is optimized with the Yoast SEO plugin v27.4 - https:\/\/yoast.com\/product\/yoast-seo-wordpress\/ -->\n<title>Les femmes du bout du monde de M\u00e9lissa Da Costa - Alliance Francaise<\/title>\n<meta name=\"description\" content=\"Les lecteurs du Caf\u00e9 litt\u00e9raire se retrouvent \u00e0 nouveau mercredi 23 octobre, \u00e0 la biblioth\u00e8que r\u00e9gionale pour parler d\u2019un livre dont\u00a0 ils ont d\u00e9j\u00e0 pu appr\u00e9cier l\u2019auteure, M\u00e9lissa Da Costa. En effet en 2022, elle nous avait d\u00e9j\u00e0 boulevers\u00e9s avec son roman \u00ab\u00a0Tout le bleu du ciel\u00a0\u00bb.\" \/>\n<meta name=\"robots\" content=\"index, follow, max-snippet:-1, max-image-preview:large, max-video-preview:-1\" \/>\n<link rel=\"canonical\" href=\"https:\/\/alliancefraoste.it\/fr\/les-femmes-du-bout-du-monde-de-melissa-da-costa\/\" \/>\n<meta property=\"og:locale\" content=\"fr_FR\" \/>\n<meta property=\"og:type\" content=\"article\" \/>\n<meta property=\"og:title\" content=\"Les femmes du bout du monde de M\u00e9lissa Da Costa - Alliance Francaise\" \/>\n<meta property=\"og:description\" content=\"Les lecteurs du Caf\u00e9 litt\u00e9raire se retrouvent \u00e0 nouveau mercredi 23 octobre, \u00e0 la biblioth\u00e8que r\u00e9gionale pour parler d\u2019un livre dont\u00a0 ils ont d\u00e9j\u00e0 pu appr\u00e9cier l\u2019auteure, M\u00e9lissa Da Costa. En effet en 2022, elle nous avait d\u00e9j\u00e0 boulevers\u00e9s avec son roman \u00ab\u00a0Tout le bleu du ciel\u00a0\u00bb.\" \/>\n<meta property=\"og:url\" content=\"https:\/\/alliancefraoste.it\/fr\/les-femmes-du-bout-du-monde-de-melissa-da-costa\/\" \/>\n<meta property=\"og:site_name\" content=\"Alliance Francaise\" \/>\n<meta property=\"article:published_time\" content=\"2024-10-19T15:55:00+00:00\" \/>\n<meta property=\"article:modified_time\" content=\"2024-10-30T16:13:53+00:00\" \/>\n<meta property=\"og:image\" content=\"https:\/\/alliancefraoste.it\/wp-content\/uploads\/2024\/10\/comptazine-les-femmes-du-bout-du-monde.jpeg\" \/>\n\t<meta property=\"og:image:width\" content=\"1600\" \/>\n\t<meta property=\"og:image:height\" content=\"1000\" \/>\n\t<meta property=\"og:image:type\" content=\"image\/jpeg\" \/>\n<meta name=\"author\" content=\"admin\" \/>\n<meta name=\"twitter:card\" content=\"summary_large_image\" \/>\n<meta name=\"twitter:label1\" content=\"\u00c9crit par\" \/>\n\t<meta name=\"twitter:data1\" content=\"admin\" \/>\n\t<meta name=\"twitter:label2\" content=\"Dur\u00e9e de lecture estim\u00e9e\" \/>\n\t<meta name=\"twitter:data2\" content=\"3 minutes\" \/>\n<script type=\"application\/ld+json\" class=\"yoast-schema-graph\">{\"@context\":\"https:\\\/\\\/schema.org\",\"@graph\":[{\"@type\":\"Article\",\"@id\":\"https:\\\/\\\/alliancefraoste.it\\\/fr\\\/les-femmes-du-bout-du-monde-de-melissa-da-costa\\\/#article\",\"isPartOf\":{\"@id\":\"https:\\\/\\\/alliancefraoste.it\\\/fr\\\/les-femmes-du-bout-du-monde-de-melissa-da-costa\\\/\"},\"author\":{\"name\":\"admin\",\"@id\":\"https:\\\/\\\/alliancefraoste.it\\\/#\\\/schema\\\/person\\\/a70235d88d931c0843a1b3d3666ec83a\"},\"headline\":\"Les femmes du bout du monde de M\u00e9lissa Da Costa\",\"datePublished\":\"2024-10-19T15:55:00+00:00\",\"dateModified\":\"2024-10-30T16:13:53+00:00\",\"mainEntityOfPage\":{\"@id\":\"https:\\\/\\\/alliancefraoste.it\\\/fr\\\/les-femmes-du-bout-du-monde-de-melissa-da-costa\\\/\"},\"wordCount\":509,\"image\":{\"@id\":\"https:\\\/\\\/alliancefraoste.it\\\/fr\\\/les-femmes-du-bout-du-monde-de-melissa-da-costa\\\/#primaryimage\"},\"thumbnailUrl\":\"https:\\\/\\\/alliancefraoste.it\\\/wp-content\\\/uploads\\\/2024\\\/10\\\/comptazine-les-femmes-du-bout-du-monde.jpeg\",\"articleSection\":[\"avvisi\",\"avvisi\",\"Notizie\",\"nouvelles\"],\"inLanguage\":\"fr-FR\"},{\"@type\":\"WebPage\",\"@id\":\"https:\\\/\\\/alliancefraoste.it\\\/fr\\\/les-femmes-du-bout-du-monde-de-melissa-da-costa\\\/\",\"url\":\"https:\\\/\\\/alliancefraoste.it\\\/fr\\\/les-femmes-du-bout-du-monde-de-melissa-da-costa\\\/\",\"name\":\"Les femmes du bout du monde de M\u00e9lissa Da Costa - Alliance Francaise\",\"isPartOf\":{\"@id\":\"https:\\\/\\\/alliancefraoste.it\\\/#website\"},\"primaryImageOfPage\":{\"@id\":\"https:\\\/\\\/alliancefraoste.it\\\/fr\\\/les-femmes-du-bout-du-monde-de-melissa-da-costa\\\/#primaryimage\"},\"image\":{\"@id\":\"https:\\\/\\\/alliancefraoste.it\\\/fr\\\/les-femmes-du-bout-du-monde-de-melissa-da-costa\\\/#primaryimage\"},\"thumbnailUrl\":\"https:\\\/\\\/alliancefraoste.it\\\/wp-content\\\/uploads\\\/2024\\\/10\\\/comptazine-les-femmes-du-bout-du-monde.jpeg\",\"datePublished\":\"2024-10-19T15:55:00+00:00\",\"dateModified\":\"2024-10-30T16:13:53+00:00\",\"author\":{\"@id\":\"https:\\\/\\\/alliancefraoste.it\\\/#\\\/schema\\\/person\\\/a70235d88d931c0843a1b3d3666ec83a\"},\"description\":\"Les lecteurs du Caf\u00e9 litt\u00e9raire se retrouvent \u00e0 nouveau mercredi 23 octobre, \u00e0 la biblioth\u00e8que r\u00e9gionale pour parler d\u2019un livre dont\u00a0 ils ont d\u00e9j\u00e0 pu appr\u00e9cier l\u2019auteure, M\u00e9lissa Da Costa. En effet en 2022, elle nous avait d\u00e9j\u00e0 boulevers\u00e9s avec son roman \u00ab\u00a0Tout le bleu du ciel\u00a0\u00bb.\",\"breadcrumb\":{\"@id\":\"https:\\\/\\\/alliancefraoste.it\\\/fr\\\/les-femmes-du-bout-du-monde-de-melissa-da-costa\\\/#breadcrumb\"},\"inLanguage\":\"fr-FR\",\"potentialAction\":[{\"@type\":\"ReadAction\",\"target\":[\"https:\\\/\\\/alliancefraoste.it\\\/fr\\\/les-femmes-du-bout-du-monde-de-melissa-da-costa\\\/\"]}]},{\"@type\":\"ImageObject\",\"inLanguage\":\"fr-FR\",\"@id\":\"https:\\\/\\\/alliancefraoste.it\\\/fr\\\/les-femmes-du-bout-du-monde-de-melissa-da-costa\\\/#primaryimage\",\"url\":\"https:\\\/\\\/alliancefraoste.it\\\/wp-content\\\/uploads\\\/2024\\\/10\\\/comptazine-les-femmes-du-bout-du-monde.jpeg\",\"contentUrl\":\"https:\\\/\\\/alliancefraoste.it\\\/wp-content\\\/uploads\\\/2024\\\/10\\\/comptazine-les-femmes-du-bout-du-monde.jpeg\",\"width\":1600,\"height\":1000},{\"@type\":\"BreadcrumbList\",\"@id\":\"https:\\\/\\\/alliancefraoste.it\\\/fr\\\/les-femmes-du-bout-du-monde-de-melissa-da-costa\\\/#breadcrumb\",\"itemListElement\":[{\"@type\":\"ListItem\",\"position\":1,\"name\":\"Home\",\"item\":\"https:\\\/\\\/alliancefraoste.it\\\/fr\\\/\"},{\"@type\":\"ListItem\",\"position\":2,\"name\":\"Les femmes du bout du monde de M\u00e9lissa Da Costa\"}]},{\"@type\":\"WebSite\",\"@id\":\"https:\\\/\\\/alliancefraoste.it\\\/#website\",\"url\":\"https:\\\/\\\/alliancefraoste.it\\\/\",\"name\":\"Alliance Francaise\",\"description\":\"Vall\u00e9e d&#039;Aoste\",\"potentialAction\":[{\"@type\":\"SearchAction\",\"target\":{\"@type\":\"EntryPoint\",\"urlTemplate\":\"https:\\\/\\\/alliancefraoste.it\\\/?s={search_term_string}\"},\"query-input\":{\"@type\":\"PropertyValueSpecification\",\"valueRequired\":true,\"valueName\":\"search_term_string\"}}],\"inLanguage\":\"fr-FR\"},{\"@type\":\"Person\",\"@id\":\"https:\\\/\\\/alliancefraoste.it\\\/#\\\/schema\\\/person\\\/a70235d88d931c0843a1b3d3666ec83a\",\"name\":\"admin\",\"image\":{\"@type\":\"ImageObject\",\"inLanguage\":\"fr-FR\",\"@id\":\"https:\\\/\\\/secure.gravatar.com\\\/avatar\\\/5a57d9e7cc1c0c0b9d6b328f9e115cd7c691f03918a907d8a717c5a5a91d8b1e?s=96&d=mm&r=g\",\"url\":\"https:\\\/\\\/secure.gravatar.com\\\/avatar\\\/5a57d9e7cc1c0c0b9d6b328f9e115cd7c691f03918a907d8a717c5a5a91d8b1e?s=96&d=mm&r=g\",\"contentUrl\":\"https:\\\/\\\/secure.gravatar.com\\\/avatar\\\/5a57d9e7cc1c0c0b9d6b328f9e115cd7c691f03918a907d8a717c5a5a91d8b1e?s=96&d=mm&r=g\",\"caption\":\"admin\"},\"sameAs\":[\"https:\\\/\\\/alliancefraoste.it\"],\"url\":\"https:\\\/\\\/alliancefraoste.it\\\/fr\\\/author\\\/admin\\\/\"}]}<\/script>\n<!-- \/ Yoast SEO plugin. -->","yoast_head_json":{"title":"Les femmes du bout du monde de M\u00e9lissa Da Costa - Alliance Francaise","description":"Les lecteurs du Caf\u00e9 litt\u00e9raire se retrouvent \u00e0 nouveau mercredi 23 octobre, \u00e0 la biblioth\u00e8que r\u00e9gionale pour parler d\u2019un livre dont\u00a0 ils ont d\u00e9j\u00e0 pu appr\u00e9cier l\u2019auteure, M\u00e9lissa Da Costa. En effet en 2022, elle nous avait d\u00e9j\u00e0 boulevers\u00e9s avec son roman \u00ab\u00a0Tout le bleu du ciel\u00a0\u00bb.","robots":{"index":"index","follow":"follow","max-snippet":"max-snippet:-1","max-image-preview":"max-image-preview:large","max-video-preview":"max-video-preview:-1"},"canonical":"https:\/\/alliancefraoste.it\/fr\/les-femmes-du-bout-du-monde-de-melissa-da-costa\/","og_locale":"fr_FR","og_type":"article","og_title":"Les femmes du bout du monde de M\u00e9lissa Da Costa - Alliance Francaise","og_description":"Les lecteurs du Caf\u00e9 litt\u00e9raire se retrouvent \u00e0 nouveau mercredi 23 octobre, \u00e0 la biblioth\u00e8que r\u00e9gionale pour parler d\u2019un livre dont\u00a0 ils ont d\u00e9j\u00e0 pu appr\u00e9cier l\u2019auteure, M\u00e9lissa Da Costa. En effet en 2022, elle nous avait d\u00e9j\u00e0 boulevers\u00e9s avec son roman \u00ab\u00a0Tout le bleu du ciel\u00a0\u00bb.","og_url":"https:\/\/alliancefraoste.it\/fr\/les-femmes-du-bout-du-monde-de-melissa-da-costa\/","og_site_name":"Alliance Francaise","article_published_time":"2024-10-19T15:55:00+00:00","article_modified_time":"2024-10-30T16:13:53+00:00","og_image":[{"width":1600,"height":1000,"url":"https:\/\/alliancefraoste.it\/wp-content\/uploads\/2024\/10\/comptazine-les-femmes-du-bout-du-monde.jpeg","type":"image\/jpeg"}],"author":"admin","twitter_card":"summary_large_image","twitter_misc":{"\u00c9crit par":"admin","Dur\u00e9e de lecture estim\u00e9e":"3 minutes"},"schema":{"@context":"https:\/\/schema.org","@graph":[{"@type":"Article","@id":"https:\/\/alliancefraoste.it\/fr\/les-femmes-du-bout-du-monde-de-melissa-da-costa\/#article","isPartOf":{"@id":"https:\/\/alliancefraoste.it\/fr\/les-femmes-du-bout-du-monde-de-melissa-da-costa\/"},"author":{"name":"admin","@id":"https:\/\/alliancefraoste.it\/#\/schema\/person\/a70235d88d931c0843a1b3d3666ec83a"},"headline":"Les femmes du bout du monde de M\u00e9lissa Da Costa","datePublished":"2024-10-19T15:55:00+00:00","dateModified":"2024-10-30T16:13:53+00:00","mainEntityOfPage":{"@id":"https:\/\/alliancefraoste.it\/fr\/les-femmes-du-bout-du-monde-de-melissa-da-costa\/"},"wordCount":509,"image":{"@id":"https:\/\/alliancefraoste.it\/fr\/les-femmes-du-bout-du-monde-de-melissa-da-costa\/#primaryimage"},"thumbnailUrl":"https:\/\/alliancefraoste.it\/wp-content\/uploads\/2024\/10\/comptazine-les-femmes-du-bout-du-monde.jpeg","articleSection":["avvisi","avvisi","Notizie","nouvelles"],"inLanguage":"fr-FR"},{"@type":"WebPage","@id":"https:\/\/alliancefraoste.it\/fr\/les-femmes-du-bout-du-monde-de-melissa-da-costa\/","url":"https:\/\/alliancefraoste.it\/fr\/les-femmes-du-bout-du-monde-de-melissa-da-costa\/","name":"Les femmes du bout du monde de M\u00e9lissa Da Costa - Alliance Francaise","isPartOf":{"@id":"https:\/\/alliancefraoste.it\/#website"},"primaryImageOfPage":{"@id":"https:\/\/alliancefraoste.it\/fr\/les-femmes-du-bout-du-monde-de-melissa-da-costa\/#primaryimage"},"image":{"@id":"https:\/\/alliancefraoste.it\/fr\/les-femmes-du-bout-du-monde-de-melissa-da-costa\/#primaryimage"},"thumbnailUrl":"https:\/\/alliancefraoste.it\/wp-content\/uploads\/2024\/10\/comptazine-les-femmes-du-bout-du-monde.jpeg","datePublished":"2024-10-19T15:55:00+00:00","dateModified":"2024-10-30T16:13:53+00:00","author":{"@id":"https:\/\/alliancefraoste.it\/#\/schema\/person\/a70235d88d931c0843a1b3d3666ec83a"},"description":"Les lecteurs du Caf\u00e9 litt\u00e9raire se retrouvent \u00e0 nouveau mercredi 23 octobre, \u00e0 la biblioth\u00e8que r\u00e9gionale pour parler d\u2019un livre dont\u00a0 ils ont d\u00e9j\u00e0 pu appr\u00e9cier l\u2019auteure, M\u00e9lissa Da Costa. En effet en 2022, elle nous avait d\u00e9j\u00e0 boulevers\u00e9s avec son roman \u00ab\u00a0Tout le bleu du ciel\u00a0\u00bb.","breadcrumb":{"@id":"https:\/\/alliancefraoste.it\/fr\/les-femmes-du-bout-du-monde-de-melissa-da-costa\/#breadcrumb"},"inLanguage":"fr-FR","potentialAction":[{"@type":"ReadAction","target":["https:\/\/alliancefraoste.it\/fr\/les-femmes-du-bout-du-monde-de-melissa-da-costa\/"]}]},{"@type":"ImageObject","inLanguage":"fr-FR","@id":"https:\/\/alliancefraoste.it\/fr\/les-femmes-du-bout-du-monde-de-melissa-da-costa\/#primaryimage","url":"https:\/\/alliancefraoste.it\/wp-content\/uploads\/2024\/10\/comptazine-les-femmes-du-bout-du-monde.jpeg","contentUrl":"https:\/\/alliancefraoste.it\/wp-content\/uploads\/2024\/10\/comptazine-les-femmes-du-bout-du-monde.jpeg","width":1600,"height":1000},{"@type":"BreadcrumbList","@id":"https:\/\/alliancefraoste.it\/fr\/les-femmes-du-bout-du-monde-de-melissa-da-costa\/#breadcrumb","itemListElement":[{"@type":"ListItem","position":1,"name":"Home","item":"https:\/\/alliancefraoste.it\/fr\/"},{"@type":"ListItem","position":2,"name":"Les femmes du bout du monde de M\u00e9lissa Da Costa"}]},{"@type":"WebSite","@id":"https:\/\/alliancefraoste.it\/#website","url":"https:\/\/alliancefraoste.it\/","name":"Alliance Francaise","description":"Vall\u00e9e d&#039;Aoste","potentialAction":[{"@type":"SearchAction","target":{"@type":"EntryPoint","urlTemplate":"https:\/\/alliancefraoste.it\/?s={search_term_string}"},"query-input":{"@type":"PropertyValueSpecification","valueRequired":true,"valueName":"search_term_string"}}],"inLanguage":"fr-FR"},{"@type":"Person","@id":"https:\/\/alliancefraoste.it\/#\/schema\/person\/a70235d88d931c0843a1b3d3666ec83a","name":"admin","image":{"@type":"ImageObject","inLanguage":"fr-FR","@id":"https:\/\/secure.gravatar.com\/avatar\/5a57d9e7cc1c0c0b9d6b328f9e115cd7c691f03918a907d8a717c5a5a91d8b1e?s=96&d=mm&r=g","url":"https:\/\/secure.gravatar.com\/avatar\/5a57d9e7cc1c0c0b9d6b328f9e115cd7c691f03918a907d8a717c5a5a91d8b1e?s=96&d=mm&r=g","contentUrl":"https:\/\/secure.gravatar.com\/avatar\/5a57d9e7cc1c0c0b9d6b328f9e115cd7c691f03918a907d8a717c5a5a91d8b1e?s=96&d=mm&r=g","caption":"admin"},"sameAs":["https:\/\/alliancefraoste.it"],"url":"https:\/\/alliancefraoste.it\/fr\/author\/admin\/"}]}},"_links":{"self":[{"href":"https:\/\/alliancefraoste.it\/fr\/wp-json\/wp\/v2\/posts\/1780","targetHints":{"allow":["GET"]}}],"collection":[{"href":"https:\/\/alliancefraoste.it\/fr\/wp-json\/wp\/v2\/posts"}],"about":[{"href":"https:\/\/alliancefraoste.it\/fr\/wp-json\/wp\/v2\/types\/post"}],"author":[{"embeddable":true,"href":"https:\/\/alliancefraoste.it\/fr\/wp-json\/wp\/v2\/users\/1"}],"replies":[{"embeddable":true,"href":"https:\/\/alliancefraoste.it\/fr\/wp-json\/wp\/v2\/comments?post=1780"}],"version-history":[{"count":1,"href":"https:\/\/alliancefraoste.it\/fr\/wp-json\/wp\/v2\/posts\/1780\/revisions"}],"predecessor-version":[{"id":1781,"href":"https:\/\/alliancefraoste.it\/fr\/wp-json\/wp\/v2\/posts\/1780\/revisions\/1781"}],"wp:featuredmedia":[{"embeddable":true,"href":"https:\/\/alliancefraoste.it\/fr\/wp-json\/wp\/v2\/media\/1782"}],"wp:attachment":[{"href":"https:\/\/alliancefraoste.it\/fr\/wp-json\/wp\/v2\/media?parent=1780"}],"wp:term":[{"taxonomy":"category","embeddable":true,"href":"https:\/\/alliancefraoste.it\/fr\/wp-json\/wp\/v2\/categories?post=1780"},{"taxonomy":"post_tag","embeddable":true,"href":"https:\/\/alliancefraoste.it\/fr\/wp-json\/wp\/v2\/tags?post=1780"}],"curies":[{"name":"wp","href":"https:\/\/api.w.org\/{rel}","templated":true}]}}