{"id":1866,"date":"2025-01-15T09:53:13","date_gmt":"2025-01-15T09:53:13","guid":{"rendered":"https:\/\/alliancefraoste.it\/?p=1866"},"modified":"2025-01-16T17:45:15","modified_gmt":"2025-01-16T17:45:15","slug":"cafe-litteraire-veiller-sur-elle-de-jean-baptiste-andreaureaux","status":"publish","type":"post","link":"https:\/\/alliancefraoste.it\/fr\/cafe-litteraire-veiller-sur-elle-de-jean-baptiste-andreaureaux\/","title":{"rendered":"Caf\u00e9 Litt\u00e9raire : \u00ab\u00a0Veiller sur elle\u00a0\u00bb de Jean-Baptiste Andrea"},"content":{"rendered":"\n<p><\/p>\n\n\n\n<p>Le mercredi 22 janvier, \u00e0 17h30, \u00e0 la Biblioth\u00e8que R\u00e9gionale Bruno Salvadori, se tiendra le quatri\u00e8me rendez-vous du \u00ab\u00a0Caf\u00e9 Litt\u00e9raire\u00a0\u00bb, une initiative organis\u00e9e par l&rsquo;Alliance Fran\u00e7aise de la Vall\u00e9e d&rsquo;Aoste pour promouvoir la culture et la litt\u00e9rature fran\u00e7aises.<\/p>\n\n\n\n<p>La rencontre mettra en vedette le roman \u00ab\u00a0Veiller sur elle\u00a0\u00bb de Jean-Baptiste Andrea, laur\u00e9at du prestigieux Prix Goncourt 2023. Ce chef-d\u2019\u0153uvre litt\u00e9raire, situ\u00e9 dans l\u2019Italie du XXe si\u00e8cle, raconte l\u2019intense relation entre Michelangelo \u00ab\u00a0Mimo\u00a0\u00bb Vitaliani, un sculpteur d\u2019origine modeste, et Viola Orsini, une aristocrate passionn\u00e9e d\u2019art. A travers une narration riche en \u00e9motions et en r\u00e9flexions, le roman explore des th\u00e8mes universels tels que l\u2019amour, l\u2019art et les d\u00e9fis sociaux.<\/p>\n\n\n\n<p>Cet \u00e9v\u00e9nement offrira aux participants l\u2019occasion d\u2019approfondir le contexte historique et artistique du roman, ainsi que de d\u00e9couvrir les d\u00e9tails de la vie et de la carri\u00e8re de Jean-Baptiste Andrea, auteur et r\u00e9alisateur talentueux. La rencontre sera enrichie de lectures et de discussions, cr\u00e9ant une opportunit\u00e9 unique d\u2019\u00e9change culturel.<\/p>\n\n\n\n<p>L\u2019entr\u00e9e est libre et ouverte \u00e0 tous les amateurs de litt\u00e9rature. Ne manquez pas l\u2019occasion de vous plonger dans la magie de l\u2019une des \u0153uvres les plus acclam\u00e9es de ces derni\u00e8res ann\u00e9es.<\/p>\n\n\n\n<figure class=\"wp-block-image size-large is-resized\"><img loading=\"lazy\" decoding=\"async\" width=\"724\" height=\"1024\" src=\"https:\/\/alliancefraoste.it\/wp-content\/uploads\/2025\/01\/Cafe-1448x2048-1-724x1024.jpg\" alt=\"\" class=\"wp-image-1864\" style=\"width:1130px;height:auto\" srcset=\"https:\/\/alliancefraoste.it\/wp-content\/uploads\/2025\/01\/Cafe-1448x2048-1-724x1024.jpg 724w, https:\/\/alliancefraoste.it\/wp-content\/uploads\/2025\/01\/Cafe-1448x2048-1-212x300.jpg 212w, https:\/\/alliancefraoste.it\/wp-content\/uploads\/2025\/01\/Cafe-1448x2048-1-768x1086.jpg 768w, https:\/\/alliancefraoste.it\/wp-content\/uploads\/2025\/01\/Cafe-1448x2048-1-1086x1536.jpg 1086w, https:\/\/alliancefraoste.it\/wp-content\/uploads\/2025\/01\/Cafe-1448x2048-1-700x990.jpg 700w, https:\/\/alliancefraoste.it\/wp-content\/uploads\/2025\/01\/Cafe-1448x2048-1.jpg 1448w\" sizes=\"auto, (max-width: 724px) 100vw, 724px\" \/><\/figure>\n\n\n\n<p><\/p>\n","protected":false},"excerpt":{"rendered":"<p>Le mercredi 22 janvier, \u00e0 17h30, \u00e0 la Biblioth\u00e8que R\u00e9gionale Bruno Salvadori, se tiendra le quatri\u00e8me rendez-vous du \u00ab\u00a0Caf\u00e9 Litt\u00e9raire\u00a0\u00bb, une initiative organis\u00e9e par l&rsquo;Alliance Fran\u00e7aise de la Vall\u00e9e d&rsquo;Aoste pour promouvoir la culture et la litt\u00e9rature fran\u00e7aises. La rencontre mettra en vedette le roman&#8230;<\/p>\n","protected":false},"author":2,"featured_media":1863,"comment_status":"closed","ping_status":"closed","sticky":false,"template":"","format":"standard","meta":{"footnotes":""},"categories":[29,32,31],"tags":[],"class_list":["post-1866","post","type-post","status-publish","format-standard","has-post-thumbnail","hentry","category-avvisi-fr","category-eventi-fr","category-nouvelles"],"yoast_head":"<!-- This site is optimized with the Yoast SEO plugin v27.4 - https:\/\/yoast.com\/product\/yoast-seo-wordpress\/ -->\n<title>Caf\u00e9 Litt\u00e9raire : &quot;Veiller sur elle&quot; de Jean-Baptiste Andrea - Alliance Francaise<\/title>\n<meta name=\"description\" content=\"Les r\u00e9sultats des examens DELF-DALF Tout Public pour la session de novembre 2024 sont d\u00e9sormais disponibles. Vous pouvez les consulter en cliquant sur le lien ci-dessous :\" \/>\n<meta name=\"robots\" content=\"index, follow, max-snippet:-1, max-image-preview:large, max-video-preview:-1\" \/>\n<link rel=\"canonical\" href=\"https:\/\/alliancefraoste.it\/fr\/cafe-litteraire-veiller-sur-elle-de-jean-baptiste-andreaureaux\/\" \/>\n<meta property=\"og:locale\" content=\"fr_FR\" \/>\n<meta property=\"og:type\" content=\"article\" \/>\n<meta property=\"og:title\" content=\"Caf\u00e9 Litt\u00e9raire : &quot;Veiller sur elle&quot; de Jean-Baptiste Andrea - Alliance Francaise\" \/>\n<meta property=\"og:description\" content=\"Les r\u00e9sultats des examens DELF-DALF Tout Public pour la session de novembre 2024 sont d\u00e9sormais disponibles. Vous pouvez les consulter en cliquant sur le lien ci-dessous :\" \/>\n<meta property=\"og:url\" content=\"https:\/\/alliancefraoste.it\/fr\/cafe-litteraire-veiller-sur-elle-de-jean-baptiste-andreaureaux\/\" \/>\n<meta property=\"og:site_name\" content=\"Alliance Francaise\" \/>\n<meta property=\"article:published_time\" content=\"2025-01-15T09:53:13+00:00\" \/>\n<meta property=\"article:modified_time\" content=\"2025-01-16T17:45:15+00:00\" \/>\n<meta property=\"og:image\" content=\"https:\/\/alliancefraoste.it\/wp-content\/uploads\/2025\/01\/cafe.jpg\" \/>\n\t<meta property=\"og:image:width\" content=\"2478\" \/>\n\t<meta property=\"og:image:height\" content=\"1623\" \/>\n\t<meta property=\"og:image:type\" content=\"image\/jpeg\" \/>\n<meta name=\"author\" content=\"Alliance Francaise\" \/>\n<meta name=\"twitter:card\" content=\"summary_large_image\" \/>\n<meta name=\"twitter:label1\" content=\"\u00c9crit par\" \/>\n\t<meta name=\"twitter:data1\" content=\"Alliance Francaise\" \/>\n\t<meta name=\"twitter:label2\" content=\"Dur\u00e9e de lecture estim\u00e9e\" \/>\n\t<meta name=\"twitter:data2\" content=\"1 minute\" \/>\n<script type=\"application\/ld+json\" class=\"yoast-schema-graph\">{\"@context\":\"https:\\\/\\\/schema.org\",\"@graph\":[{\"@type\":\"Article\",\"@id\":\"https:\\\/\\\/alliancefraoste.it\\\/fr\\\/cafe-litteraire-veiller-sur-elle-de-jean-baptiste-andreaureaux\\\/#article\",\"isPartOf\":{\"@id\":\"https:\\\/\\\/alliancefraoste.it\\\/fr\\\/cafe-litteraire-veiller-sur-elle-de-jean-baptiste-andreaureaux\\\/\"},\"author\":{\"name\":\"Alliance Francaise\",\"@id\":\"https:\\\/\\\/alliancefraoste.it\\\/#\\\/schema\\\/person\\\/553307e9d40a3bf7dc007d531cc4166f\"},\"headline\":\"Caf\u00e9 Litt\u00e9raire : \u00ab\u00a0Veiller sur elle\u00a0\u00bb de Jean-Baptiste Andrea\",\"datePublished\":\"2025-01-15T09:53:13+00:00\",\"dateModified\":\"2025-01-16T17:45:15+00:00\",\"mainEntityOfPage\":{\"@id\":\"https:\\\/\\\/alliancefraoste.it\\\/fr\\\/cafe-litteraire-veiller-sur-elle-de-jean-baptiste-andreaureaux\\\/\"},\"wordCount\":233,\"image\":{\"@id\":\"https:\\\/\\\/alliancefraoste.it\\\/fr\\\/cafe-litteraire-veiller-sur-elle-de-jean-baptiste-andreaureaux\\\/#primaryimage\"},\"thumbnailUrl\":\"https:\\\/\\\/alliancefraoste.it\\\/wp-content\\\/uploads\\\/2025\\\/01\\\/cafe.jpg\",\"articleSection\":[\"avvisi\",\"Eventi\",\"nouvelles\"],\"inLanguage\":\"fr-FR\"},{\"@type\":\"WebPage\",\"@id\":\"https:\\\/\\\/alliancefraoste.it\\\/fr\\\/cafe-litteraire-veiller-sur-elle-de-jean-baptiste-andreaureaux\\\/\",\"url\":\"https:\\\/\\\/alliancefraoste.it\\\/fr\\\/cafe-litteraire-veiller-sur-elle-de-jean-baptiste-andreaureaux\\\/\",\"name\":\"Caf\u00e9 Litt\u00e9raire : \\\"Veiller sur elle\\\" de Jean-Baptiste Andrea - Alliance Francaise\",\"isPartOf\":{\"@id\":\"https:\\\/\\\/alliancefraoste.it\\\/#website\"},\"primaryImageOfPage\":{\"@id\":\"https:\\\/\\\/alliancefraoste.it\\\/fr\\\/cafe-litteraire-veiller-sur-elle-de-jean-baptiste-andreaureaux\\\/#primaryimage\"},\"image\":{\"@id\":\"https:\\\/\\\/alliancefraoste.it\\\/fr\\\/cafe-litteraire-veiller-sur-elle-de-jean-baptiste-andreaureaux\\\/#primaryimage\"},\"thumbnailUrl\":\"https:\\\/\\\/alliancefraoste.it\\\/wp-content\\\/uploads\\\/2025\\\/01\\\/cafe.jpg\",\"datePublished\":\"2025-01-15T09:53:13+00:00\",\"dateModified\":\"2025-01-16T17:45:15+00:00\",\"author\":{\"@id\":\"https:\\\/\\\/alliancefraoste.it\\\/#\\\/schema\\\/person\\\/553307e9d40a3bf7dc007d531cc4166f\"},\"description\":\"Les r\u00e9sultats des examens DELF-DALF Tout Public pour la session de novembre 2024 sont d\u00e9sormais disponibles. Vous pouvez les consulter en cliquant sur le lien ci-dessous :\",\"breadcrumb\":{\"@id\":\"https:\\\/\\\/alliancefraoste.it\\\/fr\\\/cafe-litteraire-veiller-sur-elle-de-jean-baptiste-andreaureaux\\\/#breadcrumb\"},\"inLanguage\":\"fr-FR\",\"potentialAction\":[{\"@type\":\"ReadAction\",\"target\":[\"https:\\\/\\\/alliancefraoste.it\\\/fr\\\/cafe-litteraire-veiller-sur-elle-de-jean-baptiste-andreaureaux\\\/\"]}]},{\"@type\":\"ImageObject\",\"inLanguage\":\"fr-FR\",\"@id\":\"https:\\\/\\\/alliancefraoste.it\\\/fr\\\/cafe-litteraire-veiller-sur-elle-de-jean-baptiste-andreaureaux\\\/#primaryimage\",\"url\":\"https:\\\/\\\/alliancefraoste.it\\\/wp-content\\\/uploads\\\/2025\\\/01\\\/cafe.jpg\",\"contentUrl\":\"https:\\\/\\\/alliancefraoste.it\\\/wp-content\\\/uploads\\\/2025\\\/01\\\/cafe.jpg\",\"width\":2478,\"height\":1623},{\"@type\":\"BreadcrumbList\",\"@id\":\"https:\\\/\\\/alliancefraoste.it\\\/fr\\\/cafe-litteraire-veiller-sur-elle-de-jean-baptiste-andreaureaux\\\/#breadcrumb\",\"itemListElement\":[{\"@type\":\"ListItem\",\"position\":1,\"name\":\"Home\",\"item\":\"https:\\\/\\\/alliancefraoste.it\\\/fr\\\/\"},{\"@type\":\"ListItem\",\"position\":2,\"name\":\"Caf\u00e9 Litt\u00e9raire : &#8220;Veiller sur elle&#8221; de Jean-Baptiste Andrea\"}]},{\"@type\":\"WebSite\",\"@id\":\"https:\\\/\\\/alliancefraoste.it\\\/#website\",\"url\":\"https:\\\/\\\/alliancefraoste.it\\\/\",\"name\":\"Alliance Francaise\",\"description\":\"Vall\u00e9e d&#039;Aoste\",\"potentialAction\":[{\"@type\":\"SearchAction\",\"target\":{\"@type\":\"EntryPoint\",\"urlTemplate\":\"https:\\\/\\\/alliancefraoste.it\\\/?s={search_term_string}\"},\"query-input\":{\"@type\":\"PropertyValueSpecification\",\"valueRequired\":true,\"valueName\":\"search_term_string\"}}],\"inLanguage\":\"fr-FR\"},{\"@type\":\"Person\",\"@id\":\"https:\\\/\\\/alliancefraoste.it\\\/#\\\/schema\\\/person\\\/553307e9d40a3bf7dc007d531cc4166f\",\"name\":\"Alliance Francaise\",\"image\":{\"@type\":\"ImageObject\",\"inLanguage\":\"fr-FR\",\"@id\":\"https:\\\/\\\/secure.gravatar.com\\\/avatar\\\/48fce5a77fdd05adbfa91d145bee84911b0f25613fd03f22c9bf6c717f9c6cdb?s=96&d=mm&r=g\",\"url\":\"https:\\\/\\\/secure.gravatar.com\\\/avatar\\\/48fce5a77fdd05adbfa91d145bee84911b0f25613fd03f22c9bf6c717f9c6cdb?s=96&d=mm&r=g\",\"contentUrl\":\"https:\\\/\\\/secure.gravatar.com\\\/avatar\\\/48fce5a77fdd05adbfa91d145bee84911b0f25613fd03f22c9bf6c717f9c6cdb?s=96&d=mm&r=g\",\"caption\":\"Alliance Francaise\"},\"url\":\"https:\\\/\\\/alliancefraoste.it\\\/fr\\\/author\\\/alliancefr\\\/\"}]}<\/script>\n<!-- \/ Yoast SEO plugin. -->","yoast_head_json":{"title":"Caf\u00e9 Litt\u00e9raire : \"Veiller sur elle\" de Jean-Baptiste Andrea - Alliance Francaise","description":"Les r\u00e9sultats des examens DELF-DALF Tout Public pour la session de novembre 2024 sont d\u00e9sormais disponibles. Vous pouvez les consulter en cliquant sur le lien ci-dessous :","robots":{"index":"index","follow":"follow","max-snippet":"max-snippet:-1","max-image-preview":"max-image-preview:large","max-video-preview":"max-video-preview:-1"},"canonical":"https:\/\/alliancefraoste.it\/fr\/cafe-litteraire-veiller-sur-elle-de-jean-baptiste-andreaureaux\/","og_locale":"fr_FR","og_type":"article","og_title":"Caf\u00e9 Litt\u00e9raire : \"Veiller sur elle\" de Jean-Baptiste Andrea - Alliance Francaise","og_description":"Les r\u00e9sultats des examens DELF-DALF Tout Public pour la session de novembre 2024 sont d\u00e9sormais disponibles. Vous pouvez les consulter en cliquant sur le lien ci-dessous :","og_url":"https:\/\/alliancefraoste.it\/fr\/cafe-litteraire-veiller-sur-elle-de-jean-baptiste-andreaureaux\/","og_site_name":"Alliance Francaise","article_published_time":"2025-01-15T09:53:13+00:00","article_modified_time":"2025-01-16T17:45:15+00:00","og_image":[{"width":2478,"height":1623,"url":"https:\/\/alliancefraoste.it\/wp-content\/uploads\/2025\/01\/cafe.jpg","type":"image\/jpeg"}],"author":"Alliance Francaise","twitter_card":"summary_large_image","twitter_misc":{"\u00c9crit par":"Alliance Francaise","Dur\u00e9e de lecture estim\u00e9e":"1 minute"},"schema":{"@context":"https:\/\/schema.org","@graph":[{"@type":"Article","@id":"https:\/\/alliancefraoste.it\/fr\/cafe-litteraire-veiller-sur-elle-de-jean-baptiste-andreaureaux\/#article","isPartOf":{"@id":"https:\/\/alliancefraoste.it\/fr\/cafe-litteraire-veiller-sur-elle-de-jean-baptiste-andreaureaux\/"},"author":{"name":"Alliance Francaise","@id":"https:\/\/alliancefraoste.it\/#\/schema\/person\/553307e9d40a3bf7dc007d531cc4166f"},"headline":"Caf\u00e9 Litt\u00e9raire : \u00ab\u00a0Veiller sur elle\u00a0\u00bb de Jean-Baptiste Andrea","datePublished":"2025-01-15T09:53:13+00:00","dateModified":"2025-01-16T17:45:15+00:00","mainEntityOfPage":{"@id":"https:\/\/alliancefraoste.it\/fr\/cafe-litteraire-veiller-sur-elle-de-jean-baptiste-andreaureaux\/"},"wordCount":233,"image":{"@id":"https:\/\/alliancefraoste.it\/fr\/cafe-litteraire-veiller-sur-elle-de-jean-baptiste-andreaureaux\/#primaryimage"},"thumbnailUrl":"https:\/\/alliancefraoste.it\/wp-content\/uploads\/2025\/01\/cafe.jpg","articleSection":["avvisi","Eventi","nouvelles"],"inLanguage":"fr-FR"},{"@type":"WebPage","@id":"https:\/\/alliancefraoste.it\/fr\/cafe-litteraire-veiller-sur-elle-de-jean-baptiste-andreaureaux\/","url":"https:\/\/alliancefraoste.it\/fr\/cafe-litteraire-veiller-sur-elle-de-jean-baptiste-andreaureaux\/","name":"Caf\u00e9 Litt\u00e9raire : \"Veiller sur elle\" de Jean-Baptiste Andrea - Alliance Francaise","isPartOf":{"@id":"https:\/\/alliancefraoste.it\/#website"},"primaryImageOfPage":{"@id":"https:\/\/alliancefraoste.it\/fr\/cafe-litteraire-veiller-sur-elle-de-jean-baptiste-andreaureaux\/#primaryimage"},"image":{"@id":"https:\/\/alliancefraoste.it\/fr\/cafe-litteraire-veiller-sur-elle-de-jean-baptiste-andreaureaux\/#primaryimage"},"thumbnailUrl":"https:\/\/alliancefraoste.it\/wp-content\/uploads\/2025\/01\/cafe.jpg","datePublished":"2025-01-15T09:53:13+00:00","dateModified":"2025-01-16T17:45:15+00:00","author":{"@id":"https:\/\/alliancefraoste.it\/#\/schema\/person\/553307e9d40a3bf7dc007d531cc4166f"},"description":"Les r\u00e9sultats des examens DELF-DALF Tout Public pour la session de novembre 2024 sont d\u00e9sormais disponibles. Vous pouvez les consulter en cliquant sur le lien ci-dessous :","breadcrumb":{"@id":"https:\/\/alliancefraoste.it\/fr\/cafe-litteraire-veiller-sur-elle-de-jean-baptiste-andreaureaux\/#breadcrumb"},"inLanguage":"fr-FR","potentialAction":[{"@type":"ReadAction","target":["https:\/\/alliancefraoste.it\/fr\/cafe-litteraire-veiller-sur-elle-de-jean-baptiste-andreaureaux\/"]}]},{"@type":"ImageObject","inLanguage":"fr-FR","@id":"https:\/\/alliancefraoste.it\/fr\/cafe-litteraire-veiller-sur-elle-de-jean-baptiste-andreaureaux\/#primaryimage","url":"https:\/\/alliancefraoste.it\/wp-content\/uploads\/2025\/01\/cafe.jpg","contentUrl":"https:\/\/alliancefraoste.it\/wp-content\/uploads\/2025\/01\/cafe.jpg","width":2478,"height":1623},{"@type":"BreadcrumbList","@id":"https:\/\/alliancefraoste.it\/fr\/cafe-litteraire-veiller-sur-elle-de-jean-baptiste-andreaureaux\/#breadcrumb","itemListElement":[{"@type":"ListItem","position":1,"name":"Home","item":"https:\/\/alliancefraoste.it\/fr\/"},{"@type":"ListItem","position":2,"name":"Caf\u00e9 Litt\u00e9raire : &#8220;Veiller sur elle&#8221; de Jean-Baptiste Andrea"}]},{"@type":"WebSite","@id":"https:\/\/alliancefraoste.it\/#website","url":"https:\/\/alliancefraoste.it\/","name":"Alliance Francaise","description":"Vall\u00e9e d&#039;Aoste","potentialAction":[{"@type":"SearchAction","target":{"@type":"EntryPoint","urlTemplate":"https:\/\/alliancefraoste.it\/?s={search_term_string}"},"query-input":{"@type":"PropertyValueSpecification","valueRequired":true,"valueName":"search_term_string"}}],"inLanguage":"fr-FR"},{"@type":"Person","@id":"https:\/\/alliancefraoste.it\/#\/schema\/person\/553307e9d40a3bf7dc007d531cc4166f","name":"Alliance Francaise","image":{"@type":"ImageObject","inLanguage":"fr-FR","@id":"https:\/\/secure.gravatar.com\/avatar\/48fce5a77fdd05adbfa91d145bee84911b0f25613fd03f22c9bf6c717f9c6cdb?s=96&d=mm&r=g","url":"https:\/\/secure.gravatar.com\/avatar\/48fce5a77fdd05adbfa91d145bee84911b0f25613fd03f22c9bf6c717f9c6cdb?s=96&d=mm&r=g","contentUrl":"https:\/\/secure.gravatar.com\/avatar\/48fce5a77fdd05adbfa91d145bee84911b0f25613fd03f22c9bf6c717f9c6cdb?s=96&d=mm&r=g","caption":"Alliance Francaise"},"url":"https:\/\/alliancefraoste.it\/fr\/author\/alliancefr\/"}]}},"_links":{"self":[{"href":"https:\/\/alliancefraoste.it\/fr\/wp-json\/wp\/v2\/posts\/1866","targetHints":{"allow":["GET"]}}],"collection":[{"href":"https:\/\/alliancefraoste.it\/fr\/wp-json\/wp\/v2\/posts"}],"about":[{"href":"https:\/\/alliancefraoste.it\/fr\/wp-json\/wp\/v2\/types\/post"}],"author":[{"embeddable":true,"href":"https:\/\/alliancefraoste.it\/fr\/wp-json\/wp\/v2\/users\/2"}],"replies":[{"embeddable":true,"href":"https:\/\/alliancefraoste.it\/fr\/wp-json\/wp\/v2\/comments?post=1866"}],"version-history":[{"count":2,"href":"https:\/\/alliancefraoste.it\/fr\/wp-json\/wp\/v2\/posts\/1866\/revisions"}],"predecessor-version":[{"id":1876,"href":"https:\/\/alliancefraoste.it\/fr\/wp-json\/wp\/v2\/posts\/1866\/revisions\/1876"}],"wp:featuredmedia":[{"embeddable":true,"href":"https:\/\/alliancefraoste.it\/fr\/wp-json\/wp\/v2\/media\/1863"}],"wp:attachment":[{"href":"https:\/\/alliancefraoste.it\/fr\/wp-json\/wp\/v2\/media?parent=1866"}],"wp:term":[{"taxonomy":"category","embeddable":true,"href":"https:\/\/alliancefraoste.it\/fr\/wp-json\/wp\/v2\/categories?post=1866"},{"taxonomy":"post_tag","embeddable":true,"href":"https:\/\/alliancefraoste.it\/fr\/wp-json\/wp\/v2\/tags?post=1866"}],"curies":[{"name":"wp","href":"https:\/\/api.w.org\/{rel}","templated":true}]}}