{"id":1962,"date":"2025-03-10T13:28:11","date_gmt":"2025-03-10T13:28:11","guid":{"rendered":"https:\/\/alliancefraoste.it\/la-francophonie-un-monde-dopportunites\/"},"modified":"2025-03-10T13:49:45","modified_gmt":"2025-03-10T13:49:45","slug":"la-francophonie-un-monde-dopportunites","status":"publish","type":"post","link":"https:\/\/alliancefraoste.it\/fr\/la-francophonie-un-monde-dopportunites\/","title":{"rendered":"La Francophonie : un monde d&rsquo;opportunit\u00e9s."},"content":{"rendered":"<div class=\"wp-block-image\">\n<figure class=\"alignleft size-large\"><img loading=\"lazy\" decoding=\"async\" width=\"724\" height=\"1024\" src=\"https:\/\/alliancefraoste.it\/wp-content\/uploads\/2025\/03\/loc.francophonie-724x1024.jpg\" alt=\"\" class=\"wp-image-1959\" srcset=\"https:\/\/alliancefraoste.it\/wp-content\/uploads\/2025\/03\/loc.francophonie-724x1024.jpg 724w, https:\/\/alliancefraoste.it\/wp-content\/uploads\/2025\/03\/loc.francophonie-212x300.jpg 212w, https:\/\/alliancefraoste.it\/wp-content\/uploads\/2025\/03\/loc.francophonie-768x1086.jpg 768w, https:\/\/alliancefraoste.it\/wp-content\/uploads\/2025\/03\/loc.francophonie-1086x1536.jpg 1086w, https:\/\/alliancefraoste.it\/wp-content\/uploads\/2025\/03\/loc.francophonie-1448x2048.jpg 1448w, https:\/\/alliancefraoste.it\/wp-content\/uploads\/2025\/03\/loc.francophonie-700x990.jpg 700w, https:\/\/alliancefraoste.it\/wp-content\/uploads\/2025\/03\/loc.francophonie.jpg 1754w\" sizes=\"auto, (max-width: 724px) 100vw, 724px\" \/><\/figure>\n<\/div>\n\n\n<p>Dans le cadre des Journ\u00e9es de la Francophonie en Vall\u00e9e d\u2019Aoste, un \u00e9v\u00e9nement majeur se tiendra le samedi 15 mars 2025, de 16h \u00e0 18h, \u00e0 la salle Expo de Plus Aosta (ancienne Citadelle des Jeunes). Organis\u00e9 par le Conseil de la Vall\u00e9e et le Conseil des Jeunes Vald\u00f4tains, cet \u00e9v\u00e9nement mettra en lumi\u00e8re les opportunit\u00e9s offertes par l\u2019espace francophone, tant au niveau acad\u00e9mique que professionnel, avec une attention particuli\u00e8re port\u00e9e sur l\u2019importance de la langue et de la culture fran\u00e7aises dans un monde globalis\u00e9.<\/p>\n\n\n\n<p>L&rsquo;Alliance Fran\u00e7aise de la Vall\u00e9e d&rsquo;Aoste est heureuse de participer \u00e0 cet \u00e9v\u00e9nement en tant que partenaire, contribuant \u00e0 la promotion de la langue fran\u00e7aise et de la culture francophone. Elle sera pr\u00e9sente pour partager ses connaissances et offrir des opportunit\u00e9s d\u2019apprentissage du fran\u00e7ais, ainsi que des activit\u00e9s culturelles tout au long de l&rsquo;ann\u00e9e. Cette collaboration vise \u00e0 renforcer les liens entre les jeunes de la r\u00e9gion et la francophonie internationale, en ouvrant des possibilit\u00e9s d&rsquo;enrichissement acad\u00e9mique et professionnel \u00e0 travers la langue.<\/p>\n\n\n\n<p><\/p>\n\n\n\n<p>L\u2019\u00e9v\u00e9nement est \u00e9galement soutenu par des partenaires prestigieux comme le Parlement francophone des Jeunes de l\u2019Apf, le Parlement Jeunesse Wallonie-Bruxelles, le Conseil des Jeunes de Lausanne, ainsi que l\u2019Universit\u00e9 de la Vall\u00e9e d\u2019Aoste. Ces institutions, aux c\u00f4t\u00e9s de l\u2019Alliance Fran\u00e7aise, seront pr\u00e9sentes pour offrir des t\u00e9moignages et des perspectives concr\u00e8tes sur les programmes de mobilit\u00e9 internationale, les formations et l&rsquo;engagement des jeunes dans la vie d\u00e9mocratique \u00e0 travers des initiatives comme les parlements des jeunes.<\/p>\n\n\n\n<p>Stands th\u00e9matiques et t\u00e9moignages &#8211; Les participants auront l&rsquo;occasion de visiter plusieurs stands th\u00e9matiques, o\u00f9 ils pourront d\u00e9couvrir des projets li\u00e9s \u00e0 la Francophonie et \u00e9changer avec ceux ayant v\u00e9cu des exp\u00e9riences professionnelles ou acad\u00e9miques dans des pays francophones. L&rsquo;Alliance Fran\u00e7aise de la Vall\u00e9e d&rsquo;Aoste sera, bien entendu, repr\u00e9sent\u00e9e, mettant en avant ses programmes d&rsquo;apprentissage et ses projets culturels qui rapprochent la communaut\u00e9 locale de la richesse de l&rsquo;espace francophone.<\/p>\n\n\n\n<p>Moments d\u2019\u00c9change<\/p>\n\n\n\n<p>Des sessions interactives de 15 minutes permettront aux jeunes d\u2019aborder trois th\u00e9matiques essentielles :<\/p>\n\n\n\n<p>La mobilit\u00e9 internationale : les nombreuses opportunit\u00e9s d&rsquo;\u00e9tudes et de stages dans les pays francophones.<\/p>\n\n\n\n<p>La formation : les parcours \u00e9ducatifs dans l&rsquo;espace francophone.<\/p>\n\n\n\n<p>Le r\u00f4le des parlements des jeunes dans la d\u00e9mocratie : l\u2019implication des jeunes dans les processus d\u00e9mocratiques.<\/p>\n","protected":false},"excerpt":{"rendered":"<p>Dans le cadre des Journ\u00e9es de la Francophonie en Vall\u00e9e d\u2019Aoste, un \u00e9v\u00e9nement majeur se tiendra le samedi 15 mars 2025, de 16h \u00e0 18h, \u00e0 la salle Expo de Plus Aosta (ancienne Citadelle des Jeunes). Organis\u00e9 par le Conseil de la Vall\u00e9e et le&#8230;<\/p>\n","protected":false},"author":2,"featured_media":548,"comment_status":"closed","ping_status":"closed","sticky":false,"template":"","format":"standard","meta":{"footnotes":""},"categories":[33,29,32,31],"tags":[],"class_list":["post-1962","post","type-post","status-publish","format-standard","has-post-thumbnail","hentry","category-attivita-culturali-fr","category-avvisi-fr","category-eventi-fr","category-nouvelles"],"yoast_head":"<!-- This site is optimized with the Yoast SEO plugin v27.4 - https:\/\/yoast.com\/product\/yoast-seo-wordpress\/ -->\n<title>La Francophonie : un monde d&#039;opportunit\u00e9s. - Alliance Francaise<\/title>\n<meta name=\"description\" content=\"Nel quadro delle Journ\u00e9es de la Francophonie en Vall\u00e9e d&#039;Aoste, si terr\u00e0 un evento importante sabato 15 marzo 2025, dalle 16:00 alle 18:00,\" \/>\n<meta name=\"robots\" content=\"index, follow, max-snippet:-1, max-image-preview:large, max-video-preview:-1\" \/>\n<link rel=\"canonical\" href=\"https:\/\/alliancefraoste.it\/fr\/la-francophonie-un-monde-dopportunites\/\" \/>\n<meta property=\"og:locale\" content=\"fr_FR\" \/>\n<meta property=\"og:type\" content=\"article\" \/>\n<meta property=\"og:title\" content=\"La Francophonie : un monde d&#039;opportunit\u00e9s. - Alliance Francaise\" \/>\n<meta property=\"og:description\" content=\"Nel quadro delle Journ\u00e9es de la Francophonie en Vall\u00e9e d&#039;Aoste, si terr\u00e0 un evento importante sabato 15 marzo 2025, dalle 16:00 alle 18:00,\" \/>\n<meta property=\"og:url\" content=\"https:\/\/alliancefraoste.it\/fr\/la-francophonie-un-monde-dopportunites\/\" \/>\n<meta property=\"og:site_name\" content=\"Alliance Francaise\" \/>\n<meta property=\"article:published_time\" content=\"2025-03-10T13:28:11+00:00\" \/>\n<meta property=\"article:modified_time\" content=\"2025-03-10T13:49:45+00:00\" \/>\n<meta property=\"og:image\" content=\"https:\/\/alliancefraoste.it\/wp-content\/uploads\/2022\/11\/attivita-culturali.jpg\" \/>\n\t<meta property=\"og:image:width\" content=\"1300\" \/>\n\t<meta property=\"og:image:height\" content=\"440\" \/>\n\t<meta property=\"og:image:type\" content=\"image\/jpeg\" \/>\n<meta name=\"author\" content=\"Alliance Francaise\" \/>\n<meta name=\"twitter:card\" content=\"summary_large_image\" \/>\n<meta name=\"twitter:label1\" content=\"\u00c9crit par\" \/>\n\t<meta name=\"twitter:data1\" content=\"Alliance Francaise\" \/>\n\t<meta name=\"twitter:label2\" content=\"Dur\u00e9e de lecture estim\u00e9e\" \/>\n\t<meta name=\"twitter:data2\" content=\"3 minutes\" \/>\n<script type=\"application\/ld+json\" class=\"yoast-schema-graph\">{\"@context\":\"https:\\\/\\\/schema.org\",\"@graph\":[{\"@type\":\"Article\",\"@id\":\"https:\\\/\\\/alliancefraoste.it\\\/fr\\\/la-francophonie-un-monde-dopportunites\\\/#article\",\"isPartOf\":{\"@id\":\"https:\\\/\\\/alliancefraoste.it\\\/fr\\\/la-francophonie-un-monde-dopportunites\\\/\"},\"author\":{\"name\":\"Alliance Francaise\",\"@id\":\"https:\\\/\\\/alliancefraoste.it\\\/#\\\/schema\\\/person\\\/553307e9d40a3bf7dc007d531cc4166f\"},\"headline\":\"La Francophonie : un monde d&rsquo;opportunit\u00e9s.\",\"datePublished\":\"2025-03-10T13:28:11+00:00\",\"dateModified\":\"2025-03-10T13:49:45+00:00\",\"mainEntityOfPage\":{\"@id\":\"https:\\\/\\\/alliancefraoste.it\\\/fr\\\/la-francophonie-un-monde-dopportunites\\\/\"},\"wordCount\":424,\"image\":{\"@id\":\"https:\\\/\\\/alliancefraoste.it\\\/fr\\\/la-francophonie-un-monde-dopportunites\\\/#primaryimage\"},\"thumbnailUrl\":\"https:\\\/\\\/alliancefraoste.it\\\/wp-content\\\/uploads\\\/2022\\\/11\\\/attivita-culturali.jpg\",\"articleSection\":[\"Attivit\u00e0 culturali\",\"avvisi\",\"Eventi\",\"nouvelles\"],\"inLanguage\":\"fr-FR\"},{\"@type\":\"WebPage\",\"@id\":\"https:\\\/\\\/alliancefraoste.it\\\/fr\\\/la-francophonie-un-monde-dopportunites\\\/\",\"url\":\"https:\\\/\\\/alliancefraoste.it\\\/fr\\\/la-francophonie-un-monde-dopportunites\\\/\",\"name\":\"La Francophonie : un monde d'opportunit\u00e9s. - Alliance Francaise\",\"isPartOf\":{\"@id\":\"https:\\\/\\\/alliancefraoste.it\\\/#website\"},\"primaryImageOfPage\":{\"@id\":\"https:\\\/\\\/alliancefraoste.it\\\/fr\\\/la-francophonie-un-monde-dopportunites\\\/#primaryimage\"},\"image\":{\"@id\":\"https:\\\/\\\/alliancefraoste.it\\\/fr\\\/la-francophonie-un-monde-dopportunites\\\/#primaryimage\"},\"thumbnailUrl\":\"https:\\\/\\\/alliancefraoste.it\\\/wp-content\\\/uploads\\\/2022\\\/11\\\/attivita-culturali.jpg\",\"datePublished\":\"2025-03-10T13:28:11+00:00\",\"dateModified\":\"2025-03-10T13:49:45+00:00\",\"author\":{\"@id\":\"https:\\\/\\\/alliancefraoste.it\\\/#\\\/schema\\\/person\\\/553307e9d40a3bf7dc007d531cc4166f\"},\"description\":\"Nel quadro delle Journ\u00e9es de la Francophonie en Vall\u00e9e d'Aoste, si terr\u00e0 un evento importante sabato 15 marzo 2025, dalle 16:00 alle 18:00,\",\"breadcrumb\":{\"@id\":\"https:\\\/\\\/alliancefraoste.it\\\/fr\\\/la-francophonie-un-monde-dopportunites\\\/#breadcrumb\"},\"inLanguage\":\"fr-FR\",\"potentialAction\":[{\"@type\":\"ReadAction\",\"target\":[\"https:\\\/\\\/alliancefraoste.it\\\/fr\\\/la-francophonie-un-monde-dopportunites\\\/\"]}]},{\"@type\":\"ImageObject\",\"inLanguage\":\"fr-FR\",\"@id\":\"https:\\\/\\\/alliancefraoste.it\\\/fr\\\/la-francophonie-un-monde-dopportunites\\\/#primaryimage\",\"url\":\"https:\\\/\\\/alliancefraoste.it\\\/wp-content\\\/uploads\\\/2022\\\/11\\\/attivita-culturali.jpg\",\"contentUrl\":\"https:\\\/\\\/alliancefraoste.it\\\/wp-content\\\/uploads\\\/2022\\\/11\\\/attivita-culturali.jpg\",\"width\":1300,\"height\":440},{\"@type\":\"BreadcrumbList\",\"@id\":\"https:\\\/\\\/alliancefraoste.it\\\/fr\\\/la-francophonie-un-monde-dopportunites\\\/#breadcrumb\",\"itemListElement\":[{\"@type\":\"ListItem\",\"position\":1,\"name\":\"Home\",\"item\":\"https:\\\/\\\/alliancefraoste.it\\\/fr\\\/\"},{\"@type\":\"ListItem\",\"position\":2,\"name\":\"La Francophonie : un monde d&#8217;opportunit\u00e9s.\"}]},{\"@type\":\"WebSite\",\"@id\":\"https:\\\/\\\/alliancefraoste.it\\\/#website\",\"url\":\"https:\\\/\\\/alliancefraoste.it\\\/\",\"name\":\"Alliance Francaise\",\"description\":\"Vall\u00e9e d&#039;Aoste\",\"potentialAction\":[{\"@type\":\"SearchAction\",\"target\":{\"@type\":\"EntryPoint\",\"urlTemplate\":\"https:\\\/\\\/alliancefraoste.it\\\/?s={search_term_string}\"},\"query-input\":{\"@type\":\"PropertyValueSpecification\",\"valueRequired\":true,\"valueName\":\"search_term_string\"}}],\"inLanguage\":\"fr-FR\"},{\"@type\":\"Person\",\"@id\":\"https:\\\/\\\/alliancefraoste.it\\\/#\\\/schema\\\/person\\\/553307e9d40a3bf7dc007d531cc4166f\",\"name\":\"Alliance Francaise\",\"image\":{\"@type\":\"ImageObject\",\"inLanguage\":\"fr-FR\",\"@id\":\"https:\\\/\\\/secure.gravatar.com\\\/avatar\\\/48fce5a77fdd05adbfa91d145bee84911b0f25613fd03f22c9bf6c717f9c6cdb?s=96&d=mm&r=g\",\"url\":\"https:\\\/\\\/secure.gravatar.com\\\/avatar\\\/48fce5a77fdd05adbfa91d145bee84911b0f25613fd03f22c9bf6c717f9c6cdb?s=96&d=mm&r=g\",\"contentUrl\":\"https:\\\/\\\/secure.gravatar.com\\\/avatar\\\/48fce5a77fdd05adbfa91d145bee84911b0f25613fd03f22c9bf6c717f9c6cdb?s=96&d=mm&r=g\",\"caption\":\"Alliance Francaise\"},\"url\":\"https:\\\/\\\/alliancefraoste.it\\\/fr\\\/author\\\/alliancefr\\\/\"}]}<\/script>\n<!-- \/ Yoast SEO plugin. -->","yoast_head_json":{"title":"La Francophonie : un monde d'opportunit\u00e9s. - Alliance Francaise","description":"Nel quadro delle Journ\u00e9es de la Francophonie en Vall\u00e9e d'Aoste, si terr\u00e0 un evento importante sabato 15 marzo 2025, dalle 16:00 alle 18:00,","robots":{"index":"index","follow":"follow","max-snippet":"max-snippet:-1","max-image-preview":"max-image-preview:large","max-video-preview":"max-video-preview:-1"},"canonical":"https:\/\/alliancefraoste.it\/fr\/la-francophonie-un-monde-dopportunites\/","og_locale":"fr_FR","og_type":"article","og_title":"La Francophonie : un monde d'opportunit\u00e9s. - Alliance Francaise","og_description":"Nel quadro delle Journ\u00e9es de la Francophonie en Vall\u00e9e d'Aoste, si terr\u00e0 un evento importante sabato 15 marzo 2025, dalle 16:00 alle 18:00,","og_url":"https:\/\/alliancefraoste.it\/fr\/la-francophonie-un-monde-dopportunites\/","og_site_name":"Alliance Francaise","article_published_time":"2025-03-10T13:28:11+00:00","article_modified_time":"2025-03-10T13:49:45+00:00","og_image":[{"width":1300,"height":440,"url":"https:\/\/alliancefraoste.it\/wp-content\/uploads\/2022\/11\/attivita-culturali.jpg","type":"image\/jpeg"}],"author":"Alliance Francaise","twitter_card":"summary_large_image","twitter_misc":{"\u00c9crit par":"Alliance Francaise","Dur\u00e9e de lecture estim\u00e9e":"3 minutes"},"schema":{"@context":"https:\/\/schema.org","@graph":[{"@type":"Article","@id":"https:\/\/alliancefraoste.it\/fr\/la-francophonie-un-monde-dopportunites\/#article","isPartOf":{"@id":"https:\/\/alliancefraoste.it\/fr\/la-francophonie-un-monde-dopportunites\/"},"author":{"name":"Alliance Francaise","@id":"https:\/\/alliancefraoste.it\/#\/schema\/person\/553307e9d40a3bf7dc007d531cc4166f"},"headline":"La Francophonie : un monde d&rsquo;opportunit\u00e9s.","datePublished":"2025-03-10T13:28:11+00:00","dateModified":"2025-03-10T13:49:45+00:00","mainEntityOfPage":{"@id":"https:\/\/alliancefraoste.it\/fr\/la-francophonie-un-monde-dopportunites\/"},"wordCount":424,"image":{"@id":"https:\/\/alliancefraoste.it\/fr\/la-francophonie-un-monde-dopportunites\/#primaryimage"},"thumbnailUrl":"https:\/\/alliancefraoste.it\/wp-content\/uploads\/2022\/11\/attivita-culturali.jpg","articleSection":["Attivit\u00e0 culturali","avvisi","Eventi","nouvelles"],"inLanguage":"fr-FR"},{"@type":"WebPage","@id":"https:\/\/alliancefraoste.it\/fr\/la-francophonie-un-monde-dopportunites\/","url":"https:\/\/alliancefraoste.it\/fr\/la-francophonie-un-monde-dopportunites\/","name":"La Francophonie : un monde d'opportunit\u00e9s. - Alliance Francaise","isPartOf":{"@id":"https:\/\/alliancefraoste.it\/#website"},"primaryImageOfPage":{"@id":"https:\/\/alliancefraoste.it\/fr\/la-francophonie-un-monde-dopportunites\/#primaryimage"},"image":{"@id":"https:\/\/alliancefraoste.it\/fr\/la-francophonie-un-monde-dopportunites\/#primaryimage"},"thumbnailUrl":"https:\/\/alliancefraoste.it\/wp-content\/uploads\/2022\/11\/attivita-culturali.jpg","datePublished":"2025-03-10T13:28:11+00:00","dateModified":"2025-03-10T13:49:45+00:00","author":{"@id":"https:\/\/alliancefraoste.it\/#\/schema\/person\/553307e9d40a3bf7dc007d531cc4166f"},"description":"Nel quadro delle Journ\u00e9es de la Francophonie en Vall\u00e9e d'Aoste, si terr\u00e0 un evento importante sabato 15 marzo 2025, dalle 16:00 alle 18:00,","breadcrumb":{"@id":"https:\/\/alliancefraoste.it\/fr\/la-francophonie-un-monde-dopportunites\/#breadcrumb"},"inLanguage":"fr-FR","potentialAction":[{"@type":"ReadAction","target":["https:\/\/alliancefraoste.it\/fr\/la-francophonie-un-monde-dopportunites\/"]}]},{"@type":"ImageObject","inLanguage":"fr-FR","@id":"https:\/\/alliancefraoste.it\/fr\/la-francophonie-un-monde-dopportunites\/#primaryimage","url":"https:\/\/alliancefraoste.it\/wp-content\/uploads\/2022\/11\/attivita-culturali.jpg","contentUrl":"https:\/\/alliancefraoste.it\/wp-content\/uploads\/2022\/11\/attivita-culturali.jpg","width":1300,"height":440},{"@type":"BreadcrumbList","@id":"https:\/\/alliancefraoste.it\/fr\/la-francophonie-un-monde-dopportunites\/#breadcrumb","itemListElement":[{"@type":"ListItem","position":1,"name":"Home","item":"https:\/\/alliancefraoste.it\/fr\/"},{"@type":"ListItem","position":2,"name":"La Francophonie : un monde d&#8217;opportunit\u00e9s."}]},{"@type":"WebSite","@id":"https:\/\/alliancefraoste.it\/#website","url":"https:\/\/alliancefraoste.it\/","name":"Alliance Francaise","description":"Vall\u00e9e d&#039;Aoste","potentialAction":[{"@type":"SearchAction","target":{"@type":"EntryPoint","urlTemplate":"https:\/\/alliancefraoste.it\/?s={search_term_string}"},"query-input":{"@type":"PropertyValueSpecification","valueRequired":true,"valueName":"search_term_string"}}],"inLanguage":"fr-FR"},{"@type":"Person","@id":"https:\/\/alliancefraoste.it\/#\/schema\/person\/553307e9d40a3bf7dc007d531cc4166f","name":"Alliance Francaise","image":{"@type":"ImageObject","inLanguage":"fr-FR","@id":"https:\/\/secure.gravatar.com\/avatar\/48fce5a77fdd05adbfa91d145bee84911b0f25613fd03f22c9bf6c717f9c6cdb?s=96&d=mm&r=g","url":"https:\/\/secure.gravatar.com\/avatar\/48fce5a77fdd05adbfa91d145bee84911b0f25613fd03f22c9bf6c717f9c6cdb?s=96&d=mm&r=g","contentUrl":"https:\/\/secure.gravatar.com\/avatar\/48fce5a77fdd05adbfa91d145bee84911b0f25613fd03f22c9bf6c717f9c6cdb?s=96&d=mm&r=g","caption":"Alliance Francaise"},"url":"https:\/\/alliancefraoste.it\/fr\/author\/alliancefr\/"}]}},"_links":{"self":[{"href":"https:\/\/alliancefraoste.it\/fr\/wp-json\/wp\/v2\/posts\/1962","targetHints":{"allow":["GET"]}}],"collection":[{"href":"https:\/\/alliancefraoste.it\/fr\/wp-json\/wp\/v2\/posts"}],"about":[{"href":"https:\/\/alliancefraoste.it\/fr\/wp-json\/wp\/v2\/types\/post"}],"author":[{"embeddable":true,"href":"https:\/\/alliancefraoste.it\/fr\/wp-json\/wp\/v2\/users\/2"}],"replies":[{"embeddable":true,"href":"https:\/\/alliancefraoste.it\/fr\/wp-json\/wp\/v2\/comments?post=1962"}],"version-history":[{"count":4,"href":"https:\/\/alliancefraoste.it\/fr\/wp-json\/wp\/v2\/posts\/1962\/revisions"}],"predecessor-version":[{"id":1971,"href":"https:\/\/alliancefraoste.it\/fr\/wp-json\/wp\/v2\/posts\/1962\/revisions\/1971"}],"wp:featuredmedia":[{"embeddable":true,"href":"https:\/\/alliancefraoste.it\/fr\/wp-json\/wp\/v2\/media\/548"}],"wp:attachment":[{"href":"https:\/\/alliancefraoste.it\/fr\/wp-json\/wp\/v2\/media?parent=1962"}],"wp:term":[{"taxonomy":"category","embeddable":true,"href":"https:\/\/alliancefraoste.it\/fr\/wp-json\/wp\/v2\/categories?post=1962"},{"taxonomy":"post_tag","embeddable":true,"href":"https:\/\/alliancefraoste.it\/fr\/wp-json\/wp\/v2\/tags?post=1962"}],"curies":[{"name":"wp","href":"https:\/\/api.w.org\/{rel}","templated":true}]}}