{"id":2124,"date":"2025-07-08T16:05:14","date_gmt":"2025-07-08T16:05:14","guid":{"rendered":"https:\/\/alliancefraoste.it\/?p=2124"},"modified":"2025-07-08T16:05:18","modified_gmt":"2025-07-08T16:05:18","slug":"resultats-du-delf-dalf-tp-session-de-juin","status":"publish","type":"post","link":"https:\/\/alliancefraoste.it\/fr\/resultats-du-delf-dalf-tp-session-de-juin\/","title":{"rendered":"R\u00e9sultats du DELF\/DALF TP \u2013 Session de juin"},"content":{"rendered":"\n<p>L&rsquo;Alliance Fran\u00e7aise de la Vall\u00e9e d&rsquo;Aoste a le plaisir d&rsquo;annoncer les r\u00e9sultats de la session de juin 2025 du DELF\/DALF TP .<\/p>\n\n\n\n<div data-wp-interactive=\"core\/file\" class=\"wp-block-file\"><object data-wp-bind--hidden=\"!state.hasPdfPreview\" hidden class=\"wp-block-file__embed\" data=\"https:\/\/alliancefraoste.it\/wp-content\/uploads\/2025\/07\/2506_Resultats-DELF-A2.pdf\" type=\"application\/pdf\" style=\"width:100%;height:600px\" aria-label=\"Contenu embarqu\u00e9 2506_Re\u0301sultats DELF A2.\"><\/object><a id=\"wp-block-file--media-55f7a12f-c781-4d11-89c3-82fdc804bd5e\" href=\"https:\/\/alliancefraoste.it\/wp-content\/uploads\/2025\/07\/2506_Resultats-DELF-A2.pdf\">2506_Re\u0301sultats DELF A2<\/a><a href=\"https:\/\/alliancefraoste.it\/wp-content\/uploads\/2025\/07\/2506_Resultats-DELF-A2.pdf\" class=\"wp-block-file__button wp-element-button\" download aria-describedby=\"wp-block-file--media-55f7a12f-c781-4d11-89c3-82fdc804bd5e\">Download<\/a><\/div>\n\n\n\n<div data-wp-interactive=\"core\/file\" class=\"wp-block-file\"><object data-wp-bind--hidden=\"!state.hasPdfPreview\" hidden class=\"wp-block-file__embed\" data=\"https:\/\/alliancefraoste.it\/wp-content\/uploads\/2025\/07\/2506_Resultats-DELF-B1.pdf\" type=\"application\/pdf\" style=\"width:100%;height:600px\" aria-label=\"Contenu embarqu\u00e9 2506_Re\u0301sultats DELF B1.\"><\/object><a id=\"wp-block-file--media-964c8ac6-e6f4-4d77-865f-9d438c0ece3d\" href=\"https:\/\/alliancefraoste.it\/wp-content\/uploads\/2025\/07\/2506_Resultats-DELF-B1.pdf\">2506_Re\u0301sultats DELF B1<\/a><a href=\"https:\/\/alliancefraoste.it\/wp-content\/uploads\/2025\/07\/2506_Resultats-DELF-B1.pdf\" class=\"wp-block-file__button wp-element-button\" download aria-describedby=\"wp-block-file--media-964c8ac6-e6f4-4d77-865f-9d438c0ece3d\">Download<\/a><\/div>\n\n\n\n<div data-wp-interactive=\"core\/file\" class=\"wp-block-file\"><object data-wp-bind--hidden=\"!state.hasPdfPreview\" hidden class=\"wp-block-file__embed\" data=\"https:\/\/alliancefraoste.it\/wp-content\/uploads\/2025\/07\/2506_Resultats-DELF-B2.pdf\" type=\"application\/pdf\" style=\"width:100%;height:600px\" aria-label=\"Contenu embarqu\u00e9 2506_Re\u0301sultats DELF B2.\"><\/object><a id=\"wp-block-file--media-f2272548-d625-4bad-b52f-516fda70e21f\" href=\"https:\/\/alliancefraoste.it\/wp-content\/uploads\/2025\/07\/2506_Resultats-DELF-B2.pdf\">2506_Re\u0301sultats DELF B2<\/a><a href=\"https:\/\/alliancefraoste.it\/wp-content\/uploads\/2025\/07\/2506_Resultats-DELF-B2.pdf\" class=\"wp-block-file__button wp-element-button\" download aria-describedby=\"wp-block-file--media-f2272548-d625-4bad-b52f-516fda70e21f\">Download<\/a><\/div>\n\n\n\n<div data-wp-interactive=\"core\/file\" class=\"wp-block-file\"><object data-wp-bind--hidden=\"!state.hasPdfPreview\" hidden class=\"wp-block-file__embed\" data=\"https:\/\/alliancefraoste.it\/wp-content\/uploads\/2025\/07\/2506_Resultats-DALF-C1.pdf\" type=\"application\/pdf\" style=\"width:100%;height:600px\" aria-label=\"Contenu embarqu\u00e9 2506_Re\u0301sultats DALF C1.\"><\/object><a id=\"wp-block-file--media-b7017e9b-0d0e-4824-a5a4-01c09602df61\" href=\"https:\/\/alliancefraoste.it\/wp-content\/uploads\/2025\/07\/2506_Resultats-DALF-C1.pdf\">2506_Re\u0301sultats DALF C1<\/a><a href=\"https:\/\/alliancefraoste.it\/wp-content\/uploads\/2025\/07\/2506_Resultats-DALF-C1.pdf\" class=\"wp-block-file__button wp-element-button\" download aria-describedby=\"wp-block-file--media-b7017e9b-0d0e-4824-a5a4-01c09602df61\">Download<\/a><\/div>\n\n\n\n<p><\/p>\n","protected":false},"excerpt":{"rendered":"<p>L&rsquo;Alliance Fran\u00e7aise de la Vall\u00e9e d&rsquo;Aoste a le plaisir d&rsquo;annoncer les r\u00e9sultats de la session de juin 2025 du DELF\/DALF TP .<\/p>\n","protected":false},"author":1,"featured_media":515,"comment_status":"closed","ping_status":"closed","sticky":false,"template":"","format":"standard","meta":{"footnotes":""},"categories":[29,31],"tags":[],"class_list":["post-2124","post","type-post","status-publish","format-standard","has-post-thumbnail","hentry","category-avvisi-fr","category-nouvelles"],"yoast_head":"<!-- This site is optimized with the Yoast SEO plugin v27.4 - https:\/\/yoast.com\/product\/yoast-seo-wordpress\/ -->\n<title>R\u00e9sultats du DELF\/DALF TP \u2013 Session de juin - Alliance Francaise<\/title>\n<meta name=\"description\" content=\"L&#039;Alliance Fran\u00e7aise de la Vall\u00e9e d&#039;Aoste a le plaisir d&#039;annoncer que les r\u00e9sultats de la session de avril 2025 du DELF\/DALF Tout Public sont disponibles.\" \/>\n<meta name=\"robots\" content=\"index, follow, max-snippet:-1, max-image-preview:large, max-video-preview:-1\" \/>\n<link rel=\"canonical\" href=\"https:\/\/alliancefraoste.it\/fr\/resultats-du-delf-dalf-tp-session-de-juin\/\" \/>\n<meta property=\"og:locale\" content=\"fr_FR\" \/>\n<meta property=\"og:type\" content=\"article\" \/>\n<meta property=\"og:title\" content=\"R\u00e9sultats du DELF\/DALF TP \u2013 Session de juin - Alliance Francaise\" \/>\n<meta property=\"og:description\" content=\"L&#039;Alliance Fran\u00e7aise de la Vall\u00e9e d&#039;Aoste a le plaisir d&#039;annoncer que les r\u00e9sultats de la session de avril 2025 du DELF\/DALF Tout Public sont disponibles.\" \/>\n<meta property=\"og:url\" content=\"https:\/\/alliancefraoste.it\/fr\/resultats-du-delf-dalf-tp-session-de-juin\/\" \/>\n<meta property=\"og:site_name\" content=\"Alliance Francaise\" \/>\n<meta property=\"article:published_time\" content=\"2025-07-08T16:05:14+00:00\" \/>\n<meta property=\"article:modified_time\" content=\"2025-07-08T16:05:18+00:00\" \/>\n<meta property=\"og:image\" content=\"https:\/\/alliancefraoste.it\/wp-content\/uploads\/2016\/09\/image-1.jpg\" \/>\n\t<meta property=\"og:image:width\" content=\"600\" \/>\n\t<meta property=\"og:image:height\" content=\"256\" \/>\n\t<meta property=\"og:image:type\" content=\"image\/jpeg\" \/>\n<meta name=\"author\" content=\"admin\" \/>\n<meta name=\"twitter:card\" content=\"summary_large_image\" \/>\n<meta name=\"twitter:label1\" content=\"\u00c9crit par\" \/>\n\t<meta name=\"twitter:data1\" content=\"admin\" \/>\n\t<meta name=\"twitter:label2\" content=\"Dur\u00e9e de lecture estim\u00e9e\" \/>\n\t<meta name=\"twitter:data2\" content=\"1 minute\" \/>\n<script type=\"application\/ld+json\" class=\"yoast-schema-graph\">{\"@context\":\"https:\\\/\\\/schema.org\",\"@graph\":[{\"@type\":\"Article\",\"@id\":\"https:\\\/\\\/alliancefraoste.it\\\/fr\\\/resultats-du-delf-dalf-tp-session-de-juin\\\/#article\",\"isPartOf\":{\"@id\":\"https:\\\/\\\/alliancefraoste.it\\\/fr\\\/resultats-du-delf-dalf-tp-session-de-juin\\\/\"},\"author\":{\"name\":\"admin\",\"@id\":\"https:\\\/\\\/alliancefraoste.it\\\/#\\\/schema\\\/person\\\/a70235d88d931c0843a1b3d3666ec83a\"},\"headline\":\"R\u00e9sultats du DELF\\\/DALF TP \u2013 Session de juin\",\"datePublished\":\"2025-07-08T16:05:14+00:00\",\"dateModified\":\"2025-07-08T16:05:18+00:00\",\"mainEntityOfPage\":{\"@id\":\"https:\\\/\\\/alliancefraoste.it\\\/fr\\\/resultats-du-delf-dalf-tp-session-de-juin\\\/\"},\"wordCount\":53,\"image\":{\"@id\":\"https:\\\/\\\/alliancefraoste.it\\\/fr\\\/resultats-du-delf-dalf-tp-session-de-juin\\\/#primaryimage\"},\"thumbnailUrl\":\"https:\\\/\\\/alliancefraoste.it\\\/wp-content\\\/uploads\\\/2016\\\/09\\\/image-1.jpg\",\"articleSection\":[\"avvisi\",\"nouvelles\"],\"inLanguage\":\"fr-FR\"},{\"@type\":\"WebPage\",\"@id\":\"https:\\\/\\\/alliancefraoste.it\\\/fr\\\/resultats-du-delf-dalf-tp-session-de-juin\\\/\",\"url\":\"https:\\\/\\\/alliancefraoste.it\\\/fr\\\/resultats-du-delf-dalf-tp-session-de-juin\\\/\",\"name\":\"R\u00e9sultats du DELF\\\/DALF TP \u2013 Session de juin - Alliance Francaise\",\"isPartOf\":{\"@id\":\"https:\\\/\\\/alliancefraoste.it\\\/#website\"},\"primaryImageOfPage\":{\"@id\":\"https:\\\/\\\/alliancefraoste.it\\\/fr\\\/resultats-du-delf-dalf-tp-session-de-juin\\\/#primaryimage\"},\"image\":{\"@id\":\"https:\\\/\\\/alliancefraoste.it\\\/fr\\\/resultats-du-delf-dalf-tp-session-de-juin\\\/#primaryimage\"},\"thumbnailUrl\":\"https:\\\/\\\/alliancefraoste.it\\\/wp-content\\\/uploads\\\/2016\\\/09\\\/image-1.jpg\",\"datePublished\":\"2025-07-08T16:05:14+00:00\",\"dateModified\":\"2025-07-08T16:05:18+00:00\",\"author\":{\"@id\":\"https:\\\/\\\/alliancefraoste.it\\\/#\\\/schema\\\/person\\\/a70235d88d931c0843a1b3d3666ec83a\"},\"description\":\"L'Alliance Fran\u00e7aise de la Vall\u00e9e d'Aoste a le plaisir d'annoncer que les r\u00e9sultats de la session de avril 2025 du DELF\\\/DALF Tout Public sont disponibles.\",\"breadcrumb\":{\"@id\":\"https:\\\/\\\/alliancefraoste.it\\\/fr\\\/resultats-du-delf-dalf-tp-session-de-juin\\\/#breadcrumb\"},\"inLanguage\":\"fr-FR\",\"potentialAction\":[{\"@type\":\"ReadAction\",\"target\":[\"https:\\\/\\\/alliancefraoste.it\\\/fr\\\/resultats-du-delf-dalf-tp-session-de-juin\\\/\"]}]},{\"@type\":\"ImageObject\",\"inLanguage\":\"fr-FR\",\"@id\":\"https:\\\/\\\/alliancefraoste.it\\\/fr\\\/resultats-du-delf-dalf-tp-session-de-juin\\\/#primaryimage\",\"url\":\"https:\\\/\\\/alliancefraoste.it\\\/wp-content\\\/uploads\\\/2016\\\/09\\\/image-1.jpg\",\"contentUrl\":\"https:\\\/\\\/alliancefraoste.it\\\/wp-content\\\/uploads\\\/2016\\\/09\\\/image-1.jpg\",\"width\":600,\"height\":256},{\"@type\":\"BreadcrumbList\",\"@id\":\"https:\\\/\\\/alliancefraoste.it\\\/fr\\\/resultats-du-delf-dalf-tp-session-de-juin\\\/#breadcrumb\",\"itemListElement\":[{\"@type\":\"ListItem\",\"position\":1,\"name\":\"Home\",\"item\":\"https:\\\/\\\/alliancefraoste.it\\\/fr\\\/\"},{\"@type\":\"ListItem\",\"position\":2,\"name\":\"R\u00e9sultats du DELF\\\/DALF TP \u2013 Session de juin\"}]},{\"@type\":\"WebSite\",\"@id\":\"https:\\\/\\\/alliancefraoste.it\\\/#website\",\"url\":\"https:\\\/\\\/alliancefraoste.it\\\/\",\"name\":\"Alliance Francaise\",\"description\":\"Vall\u00e9e d&#039;Aoste\",\"potentialAction\":[{\"@type\":\"SearchAction\",\"target\":{\"@type\":\"EntryPoint\",\"urlTemplate\":\"https:\\\/\\\/alliancefraoste.it\\\/?s={search_term_string}\"},\"query-input\":{\"@type\":\"PropertyValueSpecification\",\"valueRequired\":true,\"valueName\":\"search_term_string\"}}],\"inLanguage\":\"fr-FR\"},{\"@type\":\"Person\",\"@id\":\"https:\\\/\\\/alliancefraoste.it\\\/#\\\/schema\\\/person\\\/a70235d88d931c0843a1b3d3666ec83a\",\"name\":\"admin\",\"image\":{\"@type\":\"ImageObject\",\"inLanguage\":\"fr-FR\",\"@id\":\"https:\\\/\\\/secure.gravatar.com\\\/avatar\\\/5a57d9e7cc1c0c0b9d6b328f9e115cd7c691f03918a907d8a717c5a5a91d8b1e?s=96&d=mm&r=g\",\"url\":\"https:\\\/\\\/secure.gravatar.com\\\/avatar\\\/5a57d9e7cc1c0c0b9d6b328f9e115cd7c691f03918a907d8a717c5a5a91d8b1e?s=96&d=mm&r=g\",\"contentUrl\":\"https:\\\/\\\/secure.gravatar.com\\\/avatar\\\/5a57d9e7cc1c0c0b9d6b328f9e115cd7c691f03918a907d8a717c5a5a91d8b1e?s=96&d=mm&r=g\",\"caption\":\"admin\"},\"sameAs\":[\"https:\\\/\\\/alliancefraoste.it\"],\"url\":\"https:\\\/\\\/alliancefraoste.it\\\/fr\\\/author\\\/admin\\\/\"}]}<\/script>\n<!-- \/ Yoast SEO plugin. -->","yoast_head_json":{"title":"R\u00e9sultats du DELF\/DALF TP \u2013 Session de juin - Alliance Francaise","description":"L'Alliance Fran\u00e7aise de la Vall\u00e9e d'Aoste a le plaisir d'annoncer que les r\u00e9sultats de la session de avril 2025 du DELF\/DALF Tout Public sont disponibles.","robots":{"index":"index","follow":"follow","max-snippet":"max-snippet:-1","max-image-preview":"max-image-preview:large","max-video-preview":"max-video-preview:-1"},"canonical":"https:\/\/alliancefraoste.it\/fr\/resultats-du-delf-dalf-tp-session-de-juin\/","og_locale":"fr_FR","og_type":"article","og_title":"R\u00e9sultats du DELF\/DALF TP \u2013 Session de juin - Alliance Francaise","og_description":"L'Alliance Fran\u00e7aise de la Vall\u00e9e d'Aoste a le plaisir d'annoncer que les r\u00e9sultats de la session de avril 2025 du DELF\/DALF Tout Public sont disponibles.","og_url":"https:\/\/alliancefraoste.it\/fr\/resultats-du-delf-dalf-tp-session-de-juin\/","og_site_name":"Alliance Francaise","article_published_time":"2025-07-08T16:05:14+00:00","article_modified_time":"2025-07-08T16:05:18+00:00","og_image":[{"width":600,"height":256,"url":"https:\/\/alliancefraoste.it\/wp-content\/uploads\/2016\/09\/image-1.jpg","type":"image\/jpeg"}],"author":"admin","twitter_card":"summary_large_image","twitter_misc":{"\u00c9crit par":"admin","Dur\u00e9e de lecture estim\u00e9e":"1 minute"},"schema":{"@context":"https:\/\/schema.org","@graph":[{"@type":"Article","@id":"https:\/\/alliancefraoste.it\/fr\/resultats-du-delf-dalf-tp-session-de-juin\/#article","isPartOf":{"@id":"https:\/\/alliancefraoste.it\/fr\/resultats-du-delf-dalf-tp-session-de-juin\/"},"author":{"name":"admin","@id":"https:\/\/alliancefraoste.it\/#\/schema\/person\/a70235d88d931c0843a1b3d3666ec83a"},"headline":"R\u00e9sultats du DELF\/DALF TP \u2013 Session de juin","datePublished":"2025-07-08T16:05:14+00:00","dateModified":"2025-07-08T16:05:18+00:00","mainEntityOfPage":{"@id":"https:\/\/alliancefraoste.it\/fr\/resultats-du-delf-dalf-tp-session-de-juin\/"},"wordCount":53,"image":{"@id":"https:\/\/alliancefraoste.it\/fr\/resultats-du-delf-dalf-tp-session-de-juin\/#primaryimage"},"thumbnailUrl":"https:\/\/alliancefraoste.it\/wp-content\/uploads\/2016\/09\/image-1.jpg","articleSection":["avvisi","nouvelles"],"inLanguage":"fr-FR"},{"@type":"WebPage","@id":"https:\/\/alliancefraoste.it\/fr\/resultats-du-delf-dalf-tp-session-de-juin\/","url":"https:\/\/alliancefraoste.it\/fr\/resultats-du-delf-dalf-tp-session-de-juin\/","name":"R\u00e9sultats du DELF\/DALF TP \u2013 Session de juin - Alliance Francaise","isPartOf":{"@id":"https:\/\/alliancefraoste.it\/#website"},"primaryImageOfPage":{"@id":"https:\/\/alliancefraoste.it\/fr\/resultats-du-delf-dalf-tp-session-de-juin\/#primaryimage"},"image":{"@id":"https:\/\/alliancefraoste.it\/fr\/resultats-du-delf-dalf-tp-session-de-juin\/#primaryimage"},"thumbnailUrl":"https:\/\/alliancefraoste.it\/wp-content\/uploads\/2016\/09\/image-1.jpg","datePublished":"2025-07-08T16:05:14+00:00","dateModified":"2025-07-08T16:05:18+00:00","author":{"@id":"https:\/\/alliancefraoste.it\/#\/schema\/person\/a70235d88d931c0843a1b3d3666ec83a"},"description":"L'Alliance Fran\u00e7aise de la Vall\u00e9e d'Aoste a le plaisir d'annoncer que les r\u00e9sultats de la session de avril 2025 du DELF\/DALF Tout Public sont disponibles.","breadcrumb":{"@id":"https:\/\/alliancefraoste.it\/fr\/resultats-du-delf-dalf-tp-session-de-juin\/#breadcrumb"},"inLanguage":"fr-FR","potentialAction":[{"@type":"ReadAction","target":["https:\/\/alliancefraoste.it\/fr\/resultats-du-delf-dalf-tp-session-de-juin\/"]}]},{"@type":"ImageObject","inLanguage":"fr-FR","@id":"https:\/\/alliancefraoste.it\/fr\/resultats-du-delf-dalf-tp-session-de-juin\/#primaryimage","url":"https:\/\/alliancefraoste.it\/wp-content\/uploads\/2016\/09\/image-1.jpg","contentUrl":"https:\/\/alliancefraoste.it\/wp-content\/uploads\/2016\/09\/image-1.jpg","width":600,"height":256},{"@type":"BreadcrumbList","@id":"https:\/\/alliancefraoste.it\/fr\/resultats-du-delf-dalf-tp-session-de-juin\/#breadcrumb","itemListElement":[{"@type":"ListItem","position":1,"name":"Home","item":"https:\/\/alliancefraoste.it\/fr\/"},{"@type":"ListItem","position":2,"name":"R\u00e9sultats du DELF\/DALF TP \u2013 Session de juin"}]},{"@type":"WebSite","@id":"https:\/\/alliancefraoste.it\/#website","url":"https:\/\/alliancefraoste.it\/","name":"Alliance Francaise","description":"Vall\u00e9e d&#039;Aoste","potentialAction":[{"@type":"SearchAction","target":{"@type":"EntryPoint","urlTemplate":"https:\/\/alliancefraoste.it\/?s={search_term_string}"},"query-input":{"@type":"PropertyValueSpecification","valueRequired":true,"valueName":"search_term_string"}}],"inLanguage":"fr-FR"},{"@type":"Person","@id":"https:\/\/alliancefraoste.it\/#\/schema\/person\/a70235d88d931c0843a1b3d3666ec83a","name":"admin","image":{"@type":"ImageObject","inLanguage":"fr-FR","@id":"https:\/\/secure.gravatar.com\/avatar\/5a57d9e7cc1c0c0b9d6b328f9e115cd7c691f03918a907d8a717c5a5a91d8b1e?s=96&d=mm&r=g","url":"https:\/\/secure.gravatar.com\/avatar\/5a57d9e7cc1c0c0b9d6b328f9e115cd7c691f03918a907d8a717c5a5a91d8b1e?s=96&d=mm&r=g","contentUrl":"https:\/\/secure.gravatar.com\/avatar\/5a57d9e7cc1c0c0b9d6b328f9e115cd7c691f03918a907d8a717c5a5a91d8b1e?s=96&d=mm&r=g","caption":"admin"},"sameAs":["https:\/\/alliancefraoste.it"],"url":"https:\/\/alliancefraoste.it\/fr\/author\/admin\/"}]}},"_links":{"self":[{"href":"https:\/\/alliancefraoste.it\/fr\/wp-json\/wp\/v2\/posts\/2124","targetHints":{"allow":["GET"]}}],"collection":[{"href":"https:\/\/alliancefraoste.it\/fr\/wp-json\/wp\/v2\/posts"}],"about":[{"href":"https:\/\/alliancefraoste.it\/fr\/wp-json\/wp\/v2\/types\/post"}],"author":[{"embeddable":true,"href":"https:\/\/alliancefraoste.it\/fr\/wp-json\/wp\/v2\/users\/1"}],"replies":[{"embeddable":true,"href":"https:\/\/alliancefraoste.it\/fr\/wp-json\/wp\/v2\/comments?post=2124"}],"version-history":[{"count":1,"href":"https:\/\/alliancefraoste.it\/fr\/wp-json\/wp\/v2\/posts\/2124\/revisions"}],"predecessor-version":[{"id":2126,"href":"https:\/\/alliancefraoste.it\/fr\/wp-json\/wp\/v2\/posts\/2124\/revisions\/2126"}],"wp:featuredmedia":[{"embeddable":true,"href":"https:\/\/alliancefraoste.it\/fr\/wp-json\/wp\/v2\/media\/515"}],"wp:attachment":[{"href":"https:\/\/alliancefraoste.it\/fr\/wp-json\/wp\/v2\/media?parent=2124"}],"wp:term":[{"taxonomy":"category","embeddable":true,"href":"https:\/\/alliancefraoste.it\/fr\/wp-json\/wp\/v2\/categories?post=2124"},{"taxonomy":"post_tag","embeddable":true,"href":"https:\/\/alliancefraoste.it\/fr\/wp-json\/wp\/v2\/tags?post=2124"}],"curies":[{"name":"wp","href":"https:\/\/api.w.org\/{rel}","templated":true}]}}