{"id":2223,"date":"2025-10-20T15:48:24","date_gmt":"2025-10-20T15:48:24","guid":{"rendered":"https:\/\/alliancefraoste.it\/?p=2223"},"modified":"2025-10-22T14:26:17","modified_gmt":"2025-10-22T14:26:17","slug":"a-aoste-debute-la-nouvelle-saison-du-cafe-litteraire-de-lalliance-francaise","status":"publish","type":"post","link":"https:\/\/alliancefraoste.it\/fr\/a-aoste-debute-la-nouvelle-saison-du-cafe-litteraire-de-lalliance-francaise\/","title":{"rendered":"\u00c0 Aoste, d\u00e9bute la nouvelle saison du Caf\u00e9 Litt\u00e9raire de l\u2019Alliance Fran\u00e7aise"},"content":{"rendered":"\n<p>AOSTE \u2013 Fid\u00e8le \u00e0 sa vocation de faire vivre la langue et la culture fran\u00e7aises au c\u0153ur de la Vall\u00e9e d\u2019Aoste, l\u2019<strong>Alliance Fran\u00e7aise de la Vall\u00e9e d\u2019Aoste<\/strong> reprend, en collaboration avec la <strong>Biblioth\u00e8que R\u00e9gionale Bruno Salvadori<\/strong>, son <strong>Caf\u00e9 Litt\u00e9raire<\/strong> pour la saison <strong>2025-2026<\/strong>. V\u00e9ritable rendez-vous de convivialit\u00e9 et de curiosit\u00e9 intellectuelle, ce cycle de rencontres mensuelles invite les amoureux des lettres \u00e0 se r\u00e9unir autour d\u2019un ouvrage de la litt\u00e9rature fran\u00e7aise ou francophone, \u00e0 en d\u00e9battre, \u00e0 partager leurs impressions et \u00e0 faire dialoguer les sensibilit\u00e9s.<\/p>\n\n\n\n<p>La premi\u00e8re rencontre aura lieu <strong>jeudi 23 octobre 2025 \u00e0 17h30<\/strong>, <strong>au troisi\u00e8me \u00e9tage de la Biblioth\u00e8que R\u00e9gionale d\u2019Aoste<\/strong> (rue Tour du L\u00e9preux n\u00b02). Le livre choisi pour inaugurer cette nouvelle saison est <strong><em>Les yeux de Mona<\/em><\/strong> de <strong>Thomas Schlesser<\/strong> (\u00c9ditions Albin Michel, 2024).<\/p>\n\n\n\n<p>Ce roman, d\u00e9j\u00e0 salu\u00e9 par la critique, raconte la travers\u00e9e lumineuse et poignante d\u2019une jeune fille, Mona, \u00e0 qui son grand-p\u00e8re offre cinquante-deux semaines pour d\u00e9couvrir la beaut\u00e9 du monde avant de perdre la vue. Ensemble, ils parcourent le Louvre, Orsay et Beaubourg, apprenant \u00e0 voir \u2014 \u00e0 ressentir \u2014 autrement. Ce dialogue entre l\u2019art et la vie, entre la transmission et la fragilit\u00e9 du regard, r\u00e9sonne comme une ode \u00e0 la sensibilit\u00e9 et \u00e0 la m\u00e9moire visuelle.<\/p>\n\n\n\n<p>\u00c0 travers cette initiative, l\u2019Alliance Fran\u00e7aise et la Biblioth\u00e8que R\u00e9gionale confirment leur engagement commun : faire de la lecture un espace vivant de dialogue culturel et d\u2019\u00e9change interg\u00e9n\u00e9rationnel.<\/p>\n\n\n\n<p><strong>Premi\u00e8re rencontre :<\/strong> jeudi 23 octobre 2025, 17h30<br><strong>Lieu :<\/strong> Biblioth\u00e8que R\u00e9gionale Bruno Salvadori \u2013 3\u1d49 \u00e9tage, rue Tour du L\u00e9preux 2, Aoste<br><strong>Livre :<\/strong> <em>Thomas Schlesser, Les yeux de Mona<\/em> (Albin Michel, 2024)<\/p>\n\n\n\n<p>Un rendez-vous pour celles et ceux qui aiment lire, penser et ressentir ensemble.<\/p>\n\n\n\n<figure class=\"wp-block-image size-large is-resized\"><img loading=\"lazy\" decoding=\"async\" width=\"724\" height=\"1024\" src=\"https:\/\/alliancefraoste.it\/wp-content\/uploads\/2025\/10\/cafeok2-724x1024.jpg\" alt=\"\" class=\"wp-image-2226\" style=\"width:1130px;height:auto\" srcset=\"https:\/\/alliancefraoste.it\/wp-content\/uploads\/2025\/10\/cafeok2-724x1024.jpg 724w, https:\/\/alliancefraoste.it\/wp-content\/uploads\/2025\/10\/cafeok2-212x300.jpg 212w, https:\/\/alliancefraoste.it\/wp-content\/uploads\/2025\/10\/cafeok2-768x1086.jpg 768w, https:\/\/alliancefraoste.it\/wp-content\/uploads\/2025\/10\/cafeok2-1086x1536.jpg 1086w, https:\/\/alliancefraoste.it\/wp-content\/uploads\/2025\/10\/cafeok2-1448x2048.jpg 1448w, https:\/\/alliancefraoste.it\/wp-content\/uploads\/2025\/10\/cafeok2-700x990.jpg 700w, https:\/\/alliancefraoste.it\/wp-content\/uploads\/2025\/10\/cafeok2-scaled.jpg 1810w\" sizes=\"auto, (max-width: 724px) 100vw, 724px\" \/><\/figure>\n","protected":false},"excerpt":{"rendered":"<p>AOSTE \u2013 Fid\u00e8le \u00e0 sa vocation de faire vivre la langue et la culture fran\u00e7aises au c\u0153ur de la Vall\u00e9e d\u2019Aoste, l\u2019Alliance Fran\u00e7aise de la Vall\u00e9e d\u2019Aoste reprend, en collaboration avec la Biblioth\u00e8que R\u00e9gionale Bruno Salvadori, son Caf\u00e9 Litt\u00e9raire pour la saison 2025-2026. V\u00e9ritable rendez-vous&#8230;<\/p>\n","protected":false},"author":1,"featured_media":2222,"comment_status":"closed","ping_status":"closed","sticky":false,"template":"","format":"standard","meta":{"footnotes":""},"categories":[29,32,31],"tags":[],"class_list":["post-2223","post","type-post","status-publish","format-standard","has-post-thumbnail","hentry","category-avvisi-fr","category-eventi-fr","category-nouvelles"],"yoast_head":"<!-- This site is optimized with the Yoast SEO plugin v27.4 - https:\/\/yoast.com\/product\/yoast-seo-wordpress\/ -->\n<title>\u00c0 Aoste, d\u00e9bute la nouvelle saison du Caf\u00e9 Litt\u00e9raire de l\u2019Alliance Fran\u00e7aise - Alliance Francaise<\/title>\n<meta name=\"description\" content=\"Fid\u00e8le \u00e0 sa vocation de faire vivre la langue et la culture fran\u00e7aises au c\u0153ur de la Vall\u00e9e d\u2019Aoste, l\u2019Alliance Fran\u00e7aise de la Vall\u00e9e d\u2019Aoste reprend, en collaboration avec la Biblioth\u00e8que R\u00e9gionale Bruno Salvadori, son Caf\u00e9 Litt\u00e9raire pour la saison 2025-2026.\" \/>\n<meta name=\"robots\" content=\"index, follow, max-snippet:-1, max-image-preview:large, max-video-preview:-1\" \/>\n<link rel=\"canonical\" href=\"https:\/\/alliancefraoste.it\/fr\/a-aoste-debute-la-nouvelle-saison-du-cafe-litteraire-de-lalliance-francaise\/\" \/>\n<meta property=\"og:locale\" content=\"fr_FR\" \/>\n<meta property=\"og:type\" content=\"article\" \/>\n<meta property=\"og:title\" content=\"\u00c0 Aoste, d\u00e9bute la nouvelle saison du Caf\u00e9 Litt\u00e9raire de l\u2019Alliance Fran\u00e7aise - Alliance Francaise\" \/>\n<meta property=\"og:description\" content=\"Fid\u00e8le \u00e0 sa vocation de faire vivre la langue et la culture fran\u00e7aises au c\u0153ur de la Vall\u00e9e d\u2019Aoste, l\u2019Alliance Fran\u00e7aise de la Vall\u00e9e d\u2019Aoste reprend, en collaboration avec la Biblioth\u00e8que R\u00e9gionale Bruno Salvadori, son Caf\u00e9 Litt\u00e9raire pour la saison 2025-2026.\" \/>\n<meta property=\"og:url\" content=\"https:\/\/alliancefraoste.it\/fr\/a-aoste-debute-la-nouvelle-saison-du-cafe-litteraire-de-lalliance-francaise\/\" \/>\n<meta property=\"og:site_name\" content=\"Alliance Francaise\" \/>\n<meta property=\"article:published_time\" content=\"2025-10-20T15:48:24+00:00\" \/>\n<meta property=\"article:modified_time\" content=\"2025-10-22T14:26:17+00:00\" \/>\n<meta property=\"og:image\" content=\"https:\/\/alliancefraoste.it\/wp-content\/uploads\/2025\/10\/cafeaos.jpg\" \/>\n\t<meta property=\"og:image:width\" content=\"2466\" \/>\n\t<meta property=\"og:image:height\" content=\"1416\" \/>\n\t<meta property=\"og:image:type\" content=\"image\/jpeg\" \/>\n<meta name=\"author\" content=\"admin\" \/>\n<meta name=\"twitter:card\" content=\"summary_large_image\" \/>\n<meta name=\"twitter:label1\" content=\"\u00c9crit par\" \/>\n\t<meta name=\"twitter:data1\" content=\"admin\" \/>\n\t<meta name=\"twitter:label2\" content=\"Dur\u00e9e de lecture estim\u00e9e\" \/>\n\t<meta name=\"twitter:data2\" content=\"2 minutes\" \/>\n<script type=\"application\/ld+json\" class=\"yoast-schema-graph\">{\"@context\":\"https:\\\/\\\/schema.org\",\"@graph\":[{\"@type\":\"Article\",\"@id\":\"https:\\\/\\\/alliancefraoste.it\\\/fr\\\/a-aoste-debute-la-nouvelle-saison-du-cafe-litteraire-de-lalliance-francaise\\\/#article\",\"isPartOf\":{\"@id\":\"https:\\\/\\\/alliancefraoste.it\\\/fr\\\/a-aoste-debute-la-nouvelle-saison-du-cafe-litteraire-de-lalliance-francaise\\\/\"},\"author\":{\"name\":\"admin\",\"@id\":\"https:\\\/\\\/alliancefraoste.it\\\/#\\\/schema\\\/person\\\/a70235d88d931c0843a1b3d3666ec83a\"},\"headline\":\"\u00c0 Aoste, d\u00e9bute la nouvelle saison du Caf\u00e9 Litt\u00e9raire de l\u2019Alliance Fran\u00e7aise\",\"datePublished\":\"2025-10-20T15:48:24+00:00\",\"dateModified\":\"2025-10-22T14:26:17+00:00\",\"mainEntityOfPage\":{\"@id\":\"https:\\\/\\\/alliancefraoste.it\\\/fr\\\/a-aoste-debute-la-nouvelle-saison-du-cafe-litteraire-de-lalliance-francaise\\\/\"},\"wordCount\":314,\"image\":{\"@id\":\"https:\\\/\\\/alliancefraoste.it\\\/fr\\\/a-aoste-debute-la-nouvelle-saison-du-cafe-litteraire-de-lalliance-francaise\\\/#primaryimage\"},\"thumbnailUrl\":\"https:\\\/\\\/alliancefraoste.it\\\/wp-content\\\/uploads\\\/2025\\\/10\\\/cafeaos.jpg\",\"articleSection\":[\"avvisi\",\"Eventi\",\"nouvelles\"],\"inLanguage\":\"fr-FR\"},{\"@type\":\"WebPage\",\"@id\":\"https:\\\/\\\/alliancefraoste.it\\\/fr\\\/a-aoste-debute-la-nouvelle-saison-du-cafe-litteraire-de-lalliance-francaise\\\/\",\"url\":\"https:\\\/\\\/alliancefraoste.it\\\/fr\\\/a-aoste-debute-la-nouvelle-saison-du-cafe-litteraire-de-lalliance-francaise\\\/\",\"name\":\"\u00c0 Aoste, d\u00e9bute la nouvelle saison du Caf\u00e9 Litt\u00e9raire de l\u2019Alliance Fran\u00e7aise - Alliance Francaise\",\"isPartOf\":{\"@id\":\"https:\\\/\\\/alliancefraoste.it\\\/#website\"},\"primaryImageOfPage\":{\"@id\":\"https:\\\/\\\/alliancefraoste.it\\\/fr\\\/a-aoste-debute-la-nouvelle-saison-du-cafe-litteraire-de-lalliance-francaise\\\/#primaryimage\"},\"image\":{\"@id\":\"https:\\\/\\\/alliancefraoste.it\\\/fr\\\/a-aoste-debute-la-nouvelle-saison-du-cafe-litteraire-de-lalliance-francaise\\\/#primaryimage\"},\"thumbnailUrl\":\"https:\\\/\\\/alliancefraoste.it\\\/wp-content\\\/uploads\\\/2025\\\/10\\\/cafeaos.jpg\",\"datePublished\":\"2025-10-20T15:48:24+00:00\",\"dateModified\":\"2025-10-22T14:26:17+00:00\",\"author\":{\"@id\":\"https:\\\/\\\/alliancefraoste.it\\\/#\\\/schema\\\/person\\\/a70235d88d931c0843a1b3d3666ec83a\"},\"description\":\"Fid\u00e8le \u00e0 sa vocation de faire vivre la langue et la culture fran\u00e7aises au c\u0153ur de la Vall\u00e9e d\u2019Aoste, l\u2019Alliance Fran\u00e7aise de la Vall\u00e9e d\u2019Aoste reprend, en collaboration avec la Biblioth\u00e8que R\u00e9gionale Bruno Salvadori, son Caf\u00e9 Litt\u00e9raire pour la saison 2025-2026.\",\"breadcrumb\":{\"@id\":\"https:\\\/\\\/alliancefraoste.it\\\/fr\\\/a-aoste-debute-la-nouvelle-saison-du-cafe-litteraire-de-lalliance-francaise\\\/#breadcrumb\"},\"inLanguage\":\"fr-FR\",\"potentialAction\":[{\"@type\":\"ReadAction\",\"target\":[\"https:\\\/\\\/alliancefraoste.it\\\/fr\\\/a-aoste-debute-la-nouvelle-saison-du-cafe-litteraire-de-lalliance-francaise\\\/\"]}]},{\"@type\":\"ImageObject\",\"inLanguage\":\"fr-FR\",\"@id\":\"https:\\\/\\\/alliancefraoste.it\\\/fr\\\/a-aoste-debute-la-nouvelle-saison-du-cafe-litteraire-de-lalliance-francaise\\\/#primaryimage\",\"url\":\"https:\\\/\\\/alliancefraoste.it\\\/wp-content\\\/uploads\\\/2025\\\/10\\\/cafeaos.jpg\",\"contentUrl\":\"https:\\\/\\\/alliancefraoste.it\\\/wp-content\\\/uploads\\\/2025\\\/10\\\/cafeaos.jpg\",\"width\":2466,\"height\":1416},{\"@type\":\"BreadcrumbList\",\"@id\":\"https:\\\/\\\/alliancefraoste.it\\\/fr\\\/a-aoste-debute-la-nouvelle-saison-du-cafe-litteraire-de-lalliance-francaise\\\/#breadcrumb\",\"itemListElement\":[{\"@type\":\"ListItem\",\"position\":1,\"name\":\"Home\",\"item\":\"https:\\\/\\\/alliancefraoste.it\\\/fr\\\/\"},{\"@type\":\"ListItem\",\"position\":2,\"name\":\"\u00c0 Aoste, d\u00e9bute la nouvelle saison du Caf\u00e9 Litt\u00e9raire de l\u2019Alliance Fran\u00e7aise\"}]},{\"@type\":\"WebSite\",\"@id\":\"https:\\\/\\\/alliancefraoste.it\\\/#website\",\"url\":\"https:\\\/\\\/alliancefraoste.it\\\/\",\"name\":\"Alliance Francaise\",\"description\":\"Vall\u00e9e d&#039;Aoste\",\"potentialAction\":[{\"@type\":\"SearchAction\",\"target\":{\"@type\":\"EntryPoint\",\"urlTemplate\":\"https:\\\/\\\/alliancefraoste.it\\\/?s={search_term_string}\"},\"query-input\":{\"@type\":\"PropertyValueSpecification\",\"valueRequired\":true,\"valueName\":\"search_term_string\"}}],\"inLanguage\":\"fr-FR\"},{\"@type\":\"Person\",\"@id\":\"https:\\\/\\\/alliancefraoste.it\\\/#\\\/schema\\\/person\\\/a70235d88d931c0843a1b3d3666ec83a\",\"name\":\"admin\",\"image\":{\"@type\":\"ImageObject\",\"inLanguage\":\"fr-FR\",\"@id\":\"https:\\\/\\\/secure.gravatar.com\\\/avatar\\\/5a57d9e7cc1c0c0b9d6b328f9e115cd7c691f03918a907d8a717c5a5a91d8b1e?s=96&d=mm&r=g\",\"url\":\"https:\\\/\\\/secure.gravatar.com\\\/avatar\\\/5a57d9e7cc1c0c0b9d6b328f9e115cd7c691f03918a907d8a717c5a5a91d8b1e?s=96&d=mm&r=g\",\"contentUrl\":\"https:\\\/\\\/secure.gravatar.com\\\/avatar\\\/5a57d9e7cc1c0c0b9d6b328f9e115cd7c691f03918a907d8a717c5a5a91d8b1e?s=96&d=mm&r=g\",\"caption\":\"admin\"},\"sameAs\":[\"https:\\\/\\\/alliancefraoste.it\"],\"url\":\"https:\\\/\\\/alliancefraoste.it\\\/fr\\\/author\\\/admin\\\/\"}]}<\/script>\n<!-- \/ Yoast SEO plugin. -->","yoast_head_json":{"title":"\u00c0 Aoste, d\u00e9bute la nouvelle saison du Caf\u00e9 Litt\u00e9raire de l\u2019Alliance Fran\u00e7aise - Alliance Francaise","description":"Fid\u00e8le \u00e0 sa vocation de faire vivre la langue et la culture fran\u00e7aises au c\u0153ur de la Vall\u00e9e d\u2019Aoste, l\u2019Alliance Fran\u00e7aise de la Vall\u00e9e d\u2019Aoste reprend, en collaboration avec la Biblioth\u00e8que R\u00e9gionale Bruno Salvadori, son Caf\u00e9 Litt\u00e9raire pour la saison 2025-2026.","robots":{"index":"index","follow":"follow","max-snippet":"max-snippet:-1","max-image-preview":"max-image-preview:large","max-video-preview":"max-video-preview:-1"},"canonical":"https:\/\/alliancefraoste.it\/fr\/a-aoste-debute-la-nouvelle-saison-du-cafe-litteraire-de-lalliance-francaise\/","og_locale":"fr_FR","og_type":"article","og_title":"\u00c0 Aoste, d\u00e9bute la nouvelle saison du Caf\u00e9 Litt\u00e9raire de l\u2019Alliance Fran\u00e7aise - Alliance Francaise","og_description":"Fid\u00e8le \u00e0 sa vocation de faire vivre la langue et la culture fran\u00e7aises au c\u0153ur de la Vall\u00e9e d\u2019Aoste, l\u2019Alliance Fran\u00e7aise de la Vall\u00e9e d\u2019Aoste reprend, en collaboration avec la Biblioth\u00e8que R\u00e9gionale Bruno Salvadori, son Caf\u00e9 Litt\u00e9raire pour la saison 2025-2026.","og_url":"https:\/\/alliancefraoste.it\/fr\/a-aoste-debute-la-nouvelle-saison-du-cafe-litteraire-de-lalliance-francaise\/","og_site_name":"Alliance Francaise","article_published_time":"2025-10-20T15:48:24+00:00","article_modified_time":"2025-10-22T14:26:17+00:00","og_image":[{"width":2466,"height":1416,"url":"https:\/\/alliancefraoste.it\/wp-content\/uploads\/2025\/10\/cafeaos.jpg","type":"image\/jpeg"}],"author":"admin","twitter_card":"summary_large_image","twitter_misc":{"\u00c9crit par":"admin","Dur\u00e9e de lecture estim\u00e9e":"2 minutes"},"schema":{"@context":"https:\/\/schema.org","@graph":[{"@type":"Article","@id":"https:\/\/alliancefraoste.it\/fr\/a-aoste-debute-la-nouvelle-saison-du-cafe-litteraire-de-lalliance-francaise\/#article","isPartOf":{"@id":"https:\/\/alliancefraoste.it\/fr\/a-aoste-debute-la-nouvelle-saison-du-cafe-litteraire-de-lalliance-francaise\/"},"author":{"name":"admin","@id":"https:\/\/alliancefraoste.it\/#\/schema\/person\/a70235d88d931c0843a1b3d3666ec83a"},"headline":"\u00c0 Aoste, d\u00e9bute la nouvelle saison du Caf\u00e9 Litt\u00e9raire de l\u2019Alliance Fran\u00e7aise","datePublished":"2025-10-20T15:48:24+00:00","dateModified":"2025-10-22T14:26:17+00:00","mainEntityOfPage":{"@id":"https:\/\/alliancefraoste.it\/fr\/a-aoste-debute-la-nouvelle-saison-du-cafe-litteraire-de-lalliance-francaise\/"},"wordCount":314,"image":{"@id":"https:\/\/alliancefraoste.it\/fr\/a-aoste-debute-la-nouvelle-saison-du-cafe-litteraire-de-lalliance-francaise\/#primaryimage"},"thumbnailUrl":"https:\/\/alliancefraoste.it\/wp-content\/uploads\/2025\/10\/cafeaos.jpg","articleSection":["avvisi","Eventi","nouvelles"],"inLanguage":"fr-FR"},{"@type":"WebPage","@id":"https:\/\/alliancefraoste.it\/fr\/a-aoste-debute-la-nouvelle-saison-du-cafe-litteraire-de-lalliance-francaise\/","url":"https:\/\/alliancefraoste.it\/fr\/a-aoste-debute-la-nouvelle-saison-du-cafe-litteraire-de-lalliance-francaise\/","name":"\u00c0 Aoste, d\u00e9bute la nouvelle saison du Caf\u00e9 Litt\u00e9raire de l\u2019Alliance Fran\u00e7aise - Alliance Francaise","isPartOf":{"@id":"https:\/\/alliancefraoste.it\/#website"},"primaryImageOfPage":{"@id":"https:\/\/alliancefraoste.it\/fr\/a-aoste-debute-la-nouvelle-saison-du-cafe-litteraire-de-lalliance-francaise\/#primaryimage"},"image":{"@id":"https:\/\/alliancefraoste.it\/fr\/a-aoste-debute-la-nouvelle-saison-du-cafe-litteraire-de-lalliance-francaise\/#primaryimage"},"thumbnailUrl":"https:\/\/alliancefraoste.it\/wp-content\/uploads\/2025\/10\/cafeaos.jpg","datePublished":"2025-10-20T15:48:24+00:00","dateModified":"2025-10-22T14:26:17+00:00","author":{"@id":"https:\/\/alliancefraoste.it\/#\/schema\/person\/a70235d88d931c0843a1b3d3666ec83a"},"description":"Fid\u00e8le \u00e0 sa vocation de faire vivre la langue et la culture fran\u00e7aises au c\u0153ur de la Vall\u00e9e d\u2019Aoste, l\u2019Alliance Fran\u00e7aise de la Vall\u00e9e d\u2019Aoste reprend, en collaboration avec la Biblioth\u00e8que R\u00e9gionale Bruno Salvadori, son Caf\u00e9 Litt\u00e9raire pour la saison 2025-2026.","breadcrumb":{"@id":"https:\/\/alliancefraoste.it\/fr\/a-aoste-debute-la-nouvelle-saison-du-cafe-litteraire-de-lalliance-francaise\/#breadcrumb"},"inLanguage":"fr-FR","potentialAction":[{"@type":"ReadAction","target":["https:\/\/alliancefraoste.it\/fr\/a-aoste-debute-la-nouvelle-saison-du-cafe-litteraire-de-lalliance-francaise\/"]}]},{"@type":"ImageObject","inLanguage":"fr-FR","@id":"https:\/\/alliancefraoste.it\/fr\/a-aoste-debute-la-nouvelle-saison-du-cafe-litteraire-de-lalliance-francaise\/#primaryimage","url":"https:\/\/alliancefraoste.it\/wp-content\/uploads\/2025\/10\/cafeaos.jpg","contentUrl":"https:\/\/alliancefraoste.it\/wp-content\/uploads\/2025\/10\/cafeaos.jpg","width":2466,"height":1416},{"@type":"BreadcrumbList","@id":"https:\/\/alliancefraoste.it\/fr\/a-aoste-debute-la-nouvelle-saison-du-cafe-litteraire-de-lalliance-francaise\/#breadcrumb","itemListElement":[{"@type":"ListItem","position":1,"name":"Home","item":"https:\/\/alliancefraoste.it\/fr\/"},{"@type":"ListItem","position":2,"name":"\u00c0 Aoste, d\u00e9bute la nouvelle saison du Caf\u00e9 Litt\u00e9raire de l\u2019Alliance Fran\u00e7aise"}]},{"@type":"WebSite","@id":"https:\/\/alliancefraoste.it\/#website","url":"https:\/\/alliancefraoste.it\/","name":"Alliance Francaise","description":"Vall\u00e9e d&#039;Aoste","potentialAction":[{"@type":"SearchAction","target":{"@type":"EntryPoint","urlTemplate":"https:\/\/alliancefraoste.it\/?s={search_term_string}"},"query-input":{"@type":"PropertyValueSpecification","valueRequired":true,"valueName":"search_term_string"}}],"inLanguage":"fr-FR"},{"@type":"Person","@id":"https:\/\/alliancefraoste.it\/#\/schema\/person\/a70235d88d931c0843a1b3d3666ec83a","name":"admin","image":{"@type":"ImageObject","inLanguage":"fr-FR","@id":"https:\/\/secure.gravatar.com\/avatar\/5a57d9e7cc1c0c0b9d6b328f9e115cd7c691f03918a907d8a717c5a5a91d8b1e?s=96&d=mm&r=g","url":"https:\/\/secure.gravatar.com\/avatar\/5a57d9e7cc1c0c0b9d6b328f9e115cd7c691f03918a907d8a717c5a5a91d8b1e?s=96&d=mm&r=g","contentUrl":"https:\/\/secure.gravatar.com\/avatar\/5a57d9e7cc1c0c0b9d6b328f9e115cd7c691f03918a907d8a717c5a5a91d8b1e?s=96&d=mm&r=g","caption":"admin"},"sameAs":["https:\/\/alliancefraoste.it"],"url":"https:\/\/alliancefraoste.it\/fr\/author\/admin\/"}]}},"_links":{"self":[{"href":"https:\/\/alliancefraoste.it\/fr\/wp-json\/wp\/v2\/posts\/2223","targetHints":{"allow":["GET"]}}],"collection":[{"href":"https:\/\/alliancefraoste.it\/fr\/wp-json\/wp\/v2\/posts"}],"about":[{"href":"https:\/\/alliancefraoste.it\/fr\/wp-json\/wp\/v2\/types\/post"}],"author":[{"embeddable":true,"href":"https:\/\/alliancefraoste.it\/fr\/wp-json\/wp\/v2\/users\/1"}],"replies":[{"embeddable":true,"href":"https:\/\/alliancefraoste.it\/fr\/wp-json\/wp\/v2\/comments?post=2223"}],"version-history":[{"count":2,"href":"https:\/\/alliancefraoste.it\/fr\/wp-json\/wp\/v2\/posts\/2223\/revisions"}],"predecessor-version":[{"id":2229,"href":"https:\/\/alliancefraoste.it\/fr\/wp-json\/wp\/v2\/posts\/2223\/revisions\/2229"}],"wp:featuredmedia":[{"embeddable":true,"href":"https:\/\/alliancefraoste.it\/fr\/wp-json\/wp\/v2\/media\/2222"}],"wp:attachment":[{"href":"https:\/\/alliancefraoste.it\/fr\/wp-json\/wp\/v2\/media?parent=2223"}],"wp:term":[{"taxonomy":"category","embeddable":true,"href":"https:\/\/alliancefraoste.it\/fr\/wp-json\/wp\/v2\/categories?post=2223"},{"taxonomy":"post_tag","embeddable":true,"href":"https:\/\/alliancefraoste.it\/fr\/wp-json\/wp\/v2\/tags?post=2223"}],"curies":[{"name":"wp","href":"https:\/\/api.w.org\/{rel}","templated":true}]}}