{"id":2299,"date":"2026-01-14T18:46:29","date_gmt":"2026-01-14T18:46:29","guid":{"rendered":"https:\/\/alliancefraoste.it\/?p=2299"},"modified":"2026-01-14T18:52:59","modified_gmt":"2026-01-14T18:52:59","slug":"sessione-desame-delf-dalf-di-febbraio-possibili-ritardi-nelle-lettere-di-convocazione","status":"publish","type":"post","link":"https:\/\/alliancefraoste.it\/fr\/sessione-desame-delf-dalf-di-febbraio-possibili-ritardi-nelle-lettere-di-convocazione\/","title":{"rendered":"Examens DELF\u2013DALF \u2013 session de f\u00e9vrier : information relative \u00e0 un possible retard des convocations"},"content":{"rendered":"\n<p>L\u2019<strong>Alliance Fran\u00e7aise de la Vall\u00e9e d&rsquo;Aoste<\/strong> informe les candidats inscrits \u00e0 la <strong>session d\u2019examen DELF\u2013DALF de f\u00e9vrier<\/strong> que, en raison d\u2019un <strong>incident de s\u00e9curit\u00e9 informatique<\/strong> ayant r\u00e9cemment affect\u00e9 la plateforme nationale <strong>GAEL<\/strong>, utilis\u00e9e pour la gestion administrative des examens, <strong>l\u2019envoi des convocations pourrait conna\u00eetre un l\u00e9ger retard<\/strong>.<\/p>\n\n\n\n<p>La plateforme GAEL est g\u00e9r\u00e9e par <strong>France \u00c9ducation International<\/strong>, organisme comp\u00e9tent au niveau national et international pour l\u2019organisation et la certification des examens DELF et DALF. \u00c0 la suite de cet incident, des proc\u00e9dures de v\u00e9rification et de s\u00e9curisation des syst\u00e8mes ont \u00e9t\u00e9 mises en \u0153uvre, ce qui peut entra\u00eener un ralentissement temporaire des communications officielles \u00e0 destination des candidats.<\/p>\n\n\n\n<p>Nous tenons \u00e0 <strong>rassurer l\u2019ensemble des inscrits : la session d\u2019examen de f\u00e9vrier est bien maintenue<\/strong>.<\/p>\n\n\n\n<p>Les convocations seront transmises <strong>d\u00e8s qu\u2019elles seront disponibles<\/strong>, sans qu\u2019aucune d\u00e9marche suppl\u00e9mentaire ne soit requise de la part des candidats.<\/p>\n\n\n\n<p>Pour toute information ou demande de pr\u00e9cision, le secr\u00e9tariat reste \u00e0 votre disposition \u00e0 l\u2019adresse suivante :<br>\ud83d\udce7 <strong><a>secretariat@alliancefraoste.it<\/a><\/strong><\/p>\n\n\n\n<p>Nous vous remercions par avance pour votre compr\u00e9hension et votre collaboration.<\/p>\n\n\n\n<p>\ud83d\udc49 <strong>Pour consulter la communication officielle de France \u00c9ducation International : <a href=\"https:\/\/www.institutfrancais.it\/italia\/incidente-di-sicurezza-sulla-piattaforma-gael-diplomi-delf-dalf#\/\">CLIQUEZ ICI<\/a><\/strong><\/p>\n\n\n\n<p><\/p>\n\n\n\n<p><\/p>\n\n\n\n<p><\/p>\n\n\n\n<p><\/p>\n","protected":false},"excerpt":{"rendered":"<p>L\u2019Alliance Fran\u00e7aise de la Vall\u00e9e d&rsquo;Aoste informe les candidats inscrits \u00e0 la session d\u2019examen DELF\u2013DALF de f\u00e9vrier que, en raison d\u2019un incident de s\u00e9curit\u00e9 informatique ayant r\u00e9cemment affect\u00e9 la plateforme nationale GAEL, utilis\u00e9e pour la gestion administrative des examens, l\u2019envoi des convocations pourrait conna\u00eetre un&#8230;<\/p>\n","protected":false},"author":1,"featured_media":2298,"comment_status":"closed","ping_status":"closed","sticky":false,"template":"","format":"standard","meta":{"footnotes":""},"categories":[29,32,31],"tags":[],"class_list":["post-2299","post","type-post","status-publish","format-standard","has-post-thumbnail","hentry","category-avvisi-fr","category-eventi-fr","category-nouvelles"],"yoast_head":"<!-- This site is optimized with the Yoast SEO plugin v27.4 - https:\/\/yoast.com\/product\/yoast-seo-wordpress\/ -->\n<title>Examens DELF\u2013DALF \u2013 session de f\u00e9vrier : information relative \u00e0 un possible retard des convocations - Alliance Francaise<\/title>\n<meta name=\"description\" content=\"L\u2019Alliance Fran\u00e7aise de la Vall\u00e9e d\u2019Aoste ouvre les inscriptions \u00e0 deux ateliers in\u00e9dits : un cours de conversation et un atelier de lecture, con\u00e7us pour apprendre dans un cadre convivial et stimulant.\" \/>\n<meta name=\"robots\" content=\"index, follow, max-snippet:-1, max-image-preview:large, max-video-preview:-1\" \/>\n<link rel=\"canonical\" href=\"https:\/\/alliancefraoste.it\/fr\/sessione-desame-delf-dalf-di-febbraio-possibili-ritardi-nelle-lettere-di-convocazione\/\" \/>\n<meta property=\"og:locale\" content=\"fr_FR\" \/>\n<meta property=\"og:type\" content=\"article\" \/>\n<meta property=\"og:title\" content=\"Examens DELF\u2013DALF \u2013 session de f\u00e9vrier : information relative \u00e0 un possible retard des convocations - Alliance Francaise\" \/>\n<meta property=\"og:description\" content=\"L\u2019Alliance Fran\u00e7aise de la Vall\u00e9e d\u2019Aoste ouvre les inscriptions \u00e0 deux ateliers in\u00e9dits : un cours de conversation et un atelier de lecture, con\u00e7us pour apprendre dans un cadre convivial et stimulant.\" \/>\n<meta property=\"og:url\" content=\"https:\/\/alliancefraoste.it\/fr\/sessione-desame-delf-dalf-di-febbraio-possibili-ritardi-nelle-lettere-di-convocazione\/\" \/>\n<meta property=\"og:site_name\" content=\"Alliance Francaise\" \/>\n<meta property=\"article:published_time\" content=\"2026-01-14T18:46:29+00:00\" \/>\n<meta property=\"article:modified_time\" content=\"2026-01-14T18:52:59+00:00\" \/>\n<meta property=\"og:image\" content=\"https:\/\/alliancefraoste.it\/wp-content\/uploads\/2026\/01\/attention.jpg\" \/>\n\t<meta property=\"og:image:width\" content=\"2240\" \/>\n\t<meta property=\"og:image:height\" content=\"1260\" \/>\n\t<meta property=\"og:image:type\" content=\"image\/jpeg\" \/>\n<meta name=\"author\" content=\"admin\" \/>\n<meta name=\"twitter:card\" content=\"summary_large_image\" \/>\n<meta name=\"twitter:label1\" content=\"\u00c9crit par\" \/>\n\t<meta name=\"twitter:data1\" content=\"admin\" \/>\n\t<meta name=\"twitter:label2\" content=\"Dur\u00e9e de lecture estim\u00e9e\" \/>\n\t<meta name=\"twitter:data2\" content=\"2 minutes\" \/>\n<script type=\"application\/ld+json\" class=\"yoast-schema-graph\">{\"@context\":\"https:\\\/\\\/schema.org\",\"@graph\":[{\"@type\":\"Article\",\"@id\":\"https:\\\/\\\/alliancefraoste.it\\\/fr\\\/sessione-desame-delf-dalf-di-febbraio-possibili-ritardi-nelle-lettere-di-convocazione\\\/#article\",\"isPartOf\":{\"@id\":\"https:\\\/\\\/alliancefraoste.it\\\/fr\\\/sessione-desame-delf-dalf-di-febbraio-possibili-ritardi-nelle-lettere-di-convocazione\\\/\"},\"author\":{\"name\":\"admin\",\"@id\":\"https:\\\/\\\/alliancefraoste.it\\\/#\\\/schema\\\/person\\\/a70235d88d931c0843a1b3d3666ec83a\"},\"headline\":\"Examens DELF\u2013DALF \u2013 session de f\u00e9vrier : information relative \u00e0 un possible retard des convocations\",\"datePublished\":\"2026-01-14T18:46:29+00:00\",\"dateModified\":\"2026-01-14T18:52:59+00:00\",\"mainEntityOfPage\":{\"@id\":\"https:\\\/\\\/alliancefraoste.it\\\/fr\\\/sessione-desame-delf-dalf-di-febbraio-possibili-ritardi-nelle-lettere-di-convocazione\\\/\"},\"wordCount\":225,\"image\":{\"@id\":\"https:\\\/\\\/alliancefraoste.it\\\/fr\\\/sessione-desame-delf-dalf-di-febbraio-possibili-ritardi-nelle-lettere-di-convocazione\\\/#primaryimage\"},\"thumbnailUrl\":\"https:\\\/\\\/alliancefraoste.it\\\/wp-content\\\/uploads\\\/2026\\\/01\\\/attention.jpg\",\"articleSection\":[\"avvisi\",\"Eventi\",\"nouvelles\"],\"inLanguage\":\"fr-FR\"},{\"@type\":\"WebPage\",\"@id\":\"https:\\\/\\\/alliancefraoste.it\\\/fr\\\/sessione-desame-delf-dalf-di-febbraio-possibili-ritardi-nelle-lettere-di-convocazione\\\/\",\"url\":\"https:\\\/\\\/alliancefraoste.it\\\/fr\\\/sessione-desame-delf-dalf-di-febbraio-possibili-ritardi-nelle-lettere-di-convocazione\\\/\",\"name\":\"Examens DELF\u2013DALF \u2013 session de f\u00e9vrier : information relative \u00e0 un possible retard des convocations - Alliance Francaise\",\"isPartOf\":{\"@id\":\"https:\\\/\\\/alliancefraoste.it\\\/#website\"},\"primaryImageOfPage\":{\"@id\":\"https:\\\/\\\/alliancefraoste.it\\\/fr\\\/sessione-desame-delf-dalf-di-febbraio-possibili-ritardi-nelle-lettere-di-convocazione\\\/#primaryimage\"},\"image\":{\"@id\":\"https:\\\/\\\/alliancefraoste.it\\\/fr\\\/sessione-desame-delf-dalf-di-febbraio-possibili-ritardi-nelle-lettere-di-convocazione\\\/#primaryimage\"},\"thumbnailUrl\":\"https:\\\/\\\/alliancefraoste.it\\\/wp-content\\\/uploads\\\/2026\\\/01\\\/attention.jpg\",\"datePublished\":\"2026-01-14T18:46:29+00:00\",\"dateModified\":\"2026-01-14T18:52:59+00:00\",\"author\":{\"@id\":\"https:\\\/\\\/alliancefraoste.it\\\/#\\\/schema\\\/person\\\/a70235d88d931c0843a1b3d3666ec83a\"},\"description\":\"L\u2019Alliance Fran\u00e7aise de la Vall\u00e9e d\u2019Aoste ouvre les inscriptions \u00e0 deux ateliers in\u00e9dits : un cours de conversation et un atelier de lecture, con\u00e7us pour apprendre dans un cadre convivial et stimulant.\",\"breadcrumb\":{\"@id\":\"https:\\\/\\\/alliancefraoste.it\\\/fr\\\/sessione-desame-delf-dalf-di-febbraio-possibili-ritardi-nelle-lettere-di-convocazione\\\/#breadcrumb\"},\"inLanguage\":\"fr-FR\",\"potentialAction\":[{\"@type\":\"ReadAction\",\"target\":[\"https:\\\/\\\/alliancefraoste.it\\\/fr\\\/sessione-desame-delf-dalf-di-febbraio-possibili-ritardi-nelle-lettere-di-convocazione\\\/\"]}]},{\"@type\":\"ImageObject\",\"inLanguage\":\"fr-FR\",\"@id\":\"https:\\\/\\\/alliancefraoste.it\\\/fr\\\/sessione-desame-delf-dalf-di-febbraio-possibili-ritardi-nelle-lettere-di-convocazione\\\/#primaryimage\",\"url\":\"https:\\\/\\\/alliancefraoste.it\\\/wp-content\\\/uploads\\\/2026\\\/01\\\/attention.jpg\",\"contentUrl\":\"https:\\\/\\\/alliancefraoste.it\\\/wp-content\\\/uploads\\\/2026\\\/01\\\/attention.jpg\",\"width\":2240,\"height\":1260},{\"@type\":\"BreadcrumbList\",\"@id\":\"https:\\\/\\\/alliancefraoste.it\\\/fr\\\/sessione-desame-delf-dalf-di-febbraio-possibili-ritardi-nelle-lettere-di-convocazione\\\/#breadcrumb\",\"itemListElement\":[{\"@type\":\"ListItem\",\"position\":1,\"name\":\"Home\",\"item\":\"https:\\\/\\\/alliancefraoste.it\\\/fr\\\/\"},{\"@type\":\"ListItem\",\"position\":2,\"name\":\"Examens DELF\u2013DALF \u2013 session de f\u00e9vrier : information relative \u00e0 un possible retard des convocations\"}]},{\"@type\":\"WebSite\",\"@id\":\"https:\\\/\\\/alliancefraoste.it\\\/#website\",\"url\":\"https:\\\/\\\/alliancefraoste.it\\\/\",\"name\":\"Alliance Francaise\",\"description\":\"Vall\u00e9e d&#039;Aoste\",\"potentialAction\":[{\"@type\":\"SearchAction\",\"target\":{\"@type\":\"EntryPoint\",\"urlTemplate\":\"https:\\\/\\\/alliancefraoste.it\\\/?s={search_term_string}\"},\"query-input\":{\"@type\":\"PropertyValueSpecification\",\"valueRequired\":true,\"valueName\":\"search_term_string\"}}],\"inLanguage\":\"fr-FR\"},{\"@type\":\"Person\",\"@id\":\"https:\\\/\\\/alliancefraoste.it\\\/#\\\/schema\\\/person\\\/a70235d88d931c0843a1b3d3666ec83a\",\"name\":\"admin\",\"image\":{\"@type\":\"ImageObject\",\"inLanguage\":\"fr-FR\",\"@id\":\"https:\\\/\\\/secure.gravatar.com\\\/avatar\\\/5a57d9e7cc1c0c0b9d6b328f9e115cd7c691f03918a907d8a717c5a5a91d8b1e?s=96&d=mm&r=g\",\"url\":\"https:\\\/\\\/secure.gravatar.com\\\/avatar\\\/5a57d9e7cc1c0c0b9d6b328f9e115cd7c691f03918a907d8a717c5a5a91d8b1e?s=96&d=mm&r=g\",\"contentUrl\":\"https:\\\/\\\/secure.gravatar.com\\\/avatar\\\/5a57d9e7cc1c0c0b9d6b328f9e115cd7c691f03918a907d8a717c5a5a91d8b1e?s=96&d=mm&r=g\",\"caption\":\"admin\"},\"sameAs\":[\"https:\\\/\\\/alliancefraoste.it\"],\"url\":\"https:\\\/\\\/alliancefraoste.it\\\/fr\\\/author\\\/admin\\\/\"}]}<\/script>\n<!-- \/ Yoast SEO plugin. -->","yoast_head_json":{"title":"Examens DELF\u2013DALF \u2013 session de f\u00e9vrier : information relative \u00e0 un possible retard des convocations - Alliance Francaise","description":"L\u2019Alliance Fran\u00e7aise de la Vall\u00e9e d\u2019Aoste ouvre les inscriptions \u00e0 deux ateliers in\u00e9dits : un cours de conversation et un atelier de lecture, con\u00e7us pour apprendre dans un cadre convivial et stimulant.","robots":{"index":"index","follow":"follow","max-snippet":"max-snippet:-1","max-image-preview":"max-image-preview:large","max-video-preview":"max-video-preview:-1"},"canonical":"https:\/\/alliancefraoste.it\/fr\/sessione-desame-delf-dalf-di-febbraio-possibili-ritardi-nelle-lettere-di-convocazione\/","og_locale":"fr_FR","og_type":"article","og_title":"Examens DELF\u2013DALF \u2013 session de f\u00e9vrier : information relative \u00e0 un possible retard des convocations - Alliance Francaise","og_description":"L\u2019Alliance Fran\u00e7aise de la Vall\u00e9e d\u2019Aoste ouvre les inscriptions \u00e0 deux ateliers in\u00e9dits : un cours de conversation et un atelier de lecture, con\u00e7us pour apprendre dans un cadre convivial et stimulant.","og_url":"https:\/\/alliancefraoste.it\/fr\/sessione-desame-delf-dalf-di-febbraio-possibili-ritardi-nelle-lettere-di-convocazione\/","og_site_name":"Alliance Francaise","article_published_time":"2026-01-14T18:46:29+00:00","article_modified_time":"2026-01-14T18:52:59+00:00","og_image":[{"width":2240,"height":1260,"url":"https:\/\/alliancefraoste.it\/wp-content\/uploads\/2026\/01\/attention.jpg","type":"image\/jpeg"}],"author":"admin","twitter_card":"summary_large_image","twitter_misc":{"\u00c9crit par":"admin","Dur\u00e9e de lecture estim\u00e9e":"2 minutes"},"schema":{"@context":"https:\/\/schema.org","@graph":[{"@type":"Article","@id":"https:\/\/alliancefraoste.it\/fr\/sessione-desame-delf-dalf-di-febbraio-possibili-ritardi-nelle-lettere-di-convocazione\/#article","isPartOf":{"@id":"https:\/\/alliancefraoste.it\/fr\/sessione-desame-delf-dalf-di-febbraio-possibili-ritardi-nelle-lettere-di-convocazione\/"},"author":{"name":"admin","@id":"https:\/\/alliancefraoste.it\/#\/schema\/person\/a70235d88d931c0843a1b3d3666ec83a"},"headline":"Examens DELF\u2013DALF \u2013 session de f\u00e9vrier : information relative \u00e0 un possible retard des convocations","datePublished":"2026-01-14T18:46:29+00:00","dateModified":"2026-01-14T18:52:59+00:00","mainEntityOfPage":{"@id":"https:\/\/alliancefraoste.it\/fr\/sessione-desame-delf-dalf-di-febbraio-possibili-ritardi-nelle-lettere-di-convocazione\/"},"wordCount":225,"image":{"@id":"https:\/\/alliancefraoste.it\/fr\/sessione-desame-delf-dalf-di-febbraio-possibili-ritardi-nelle-lettere-di-convocazione\/#primaryimage"},"thumbnailUrl":"https:\/\/alliancefraoste.it\/wp-content\/uploads\/2026\/01\/attention.jpg","articleSection":["avvisi","Eventi","nouvelles"],"inLanguage":"fr-FR"},{"@type":"WebPage","@id":"https:\/\/alliancefraoste.it\/fr\/sessione-desame-delf-dalf-di-febbraio-possibili-ritardi-nelle-lettere-di-convocazione\/","url":"https:\/\/alliancefraoste.it\/fr\/sessione-desame-delf-dalf-di-febbraio-possibili-ritardi-nelle-lettere-di-convocazione\/","name":"Examens DELF\u2013DALF \u2013 session de f\u00e9vrier : information relative \u00e0 un possible retard des convocations - Alliance Francaise","isPartOf":{"@id":"https:\/\/alliancefraoste.it\/#website"},"primaryImageOfPage":{"@id":"https:\/\/alliancefraoste.it\/fr\/sessione-desame-delf-dalf-di-febbraio-possibili-ritardi-nelle-lettere-di-convocazione\/#primaryimage"},"image":{"@id":"https:\/\/alliancefraoste.it\/fr\/sessione-desame-delf-dalf-di-febbraio-possibili-ritardi-nelle-lettere-di-convocazione\/#primaryimage"},"thumbnailUrl":"https:\/\/alliancefraoste.it\/wp-content\/uploads\/2026\/01\/attention.jpg","datePublished":"2026-01-14T18:46:29+00:00","dateModified":"2026-01-14T18:52:59+00:00","author":{"@id":"https:\/\/alliancefraoste.it\/#\/schema\/person\/a70235d88d931c0843a1b3d3666ec83a"},"description":"L\u2019Alliance Fran\u00e7aise de la Vall\u00e9e d\u2019Aoste ouvre les inscriptions \u00e0 deux ateliers in\u00e9dits : un cours de conversation et un atelier de lecture, con\u00e7us pour apprendre dans un cadre convivial et stimulant.","breadcrumb":{"@id":"https:\/\/alliancefraoste.it\/fr\/sessione-desame-delf-dalf-di-febbraio-possibili-ritardi-nelle-lettere-di-convocazione\/#breadcrumb"},"inLanguage":"fr-FR","potentialAction":[{"@type":"ReadAction","target":["https:\/\/alliancefraoste.it\/fr\/sessione-desame-delf-dalf-di-febbraio-possibili-ritardi-nelle-lettere-di-convocazione\/"]}]},{"@type":"ImageObject","inLanguage":"fr-FR","@id":"https:\/\/alliancefraoste.it\/fr\/sessione-desame-delf-dalf-di-febbraio-possibili-ritardi-nelle-lettere-di-convocazione\/#primaryimage","url":"https:\/\/alliancefraoste.it\/wp-content\/uploads\/2026\/01\/attention.jpg","contentUrl":"https:\/\/alliancefraoste.it\/wp-content\/uploads\/2026\/01\/attention.jpg","width":2240,"height":1260},{"@type":"BreadcrumbList","@id":"https:\/\/alliancefraoste.it\/fr\/sessione-desame-delf-dalf-di-febbraio-possibili-ritardi-nelle-lettere-di-convocazione\/#breadcrumb","itemListElement":[{"@type":"ListItem","position":1,"name":"Home","item":"https:\/\/alliancefraoste.it\/fr\/"},{"@type":"ListItem","position":2,"name":"Examens DELF\u2013DALF \u2013 session de f\u00e9vrier : information relative \u00e0 un possible retard des convocations"}]},{"@type":"WebSite","@id":"https:\/\/alliancefraoste.it\/#website","url":"https:\/\/alliancefraoste.it\/","name":"Alliance Francaise","description":"Vall\u00e9e d&#039;Aoste","potentialAction":[{"@type":"SearchAction","target":{"@type":"EntryPoint","urlTemplate":"https:\/\/alliancefraoste.it\/?s={search_term_string}"},"query-input":{"@type":"PropertyValueSpecification","valueRequired":true,"valueName":"search_term_string"}}],"inLanguage":"fr-FR"},{"@type":"Person","@id":"https:\/\/alliancefraoste.it\/#\/schema\/person\/a70235d88d931c0843a1b3d3666ec83a","name":"admin","image":{"@type":"ImageObject","inLanguage":"fr-FR","@id":"https:\/\/secure.gravatar.com\/avatar\/5a57d9e7cc1c0c0b9d6b328f9e115cd7c691f03918a907d8a717c5a5a91d8b1e?s=96&d=mm&r=g","url":"https:\/\/secure.gravatar.com\/avatar\/5a57d9e7cc1c0c0b9d6b328f9e115cd7c691f03918a907d8a717c5a5a91d8b1e?s=96&d=mm&r=g","contentUrl":"https:\/\/secure.gravatar.com\/avatar\/5a57d9e7cc1c0c0b9d6b328f9e115cd7c691f03918a907d8a717c5a5a91d8b1e?s=96&d=mm&r=g","caption":"admin"},"sameAs":["https:\/\/alliancefraoste.it"],"url":"https:\/\/alliancefraoste.it\/fr\/author\/admin\/"}]}},"_links":{"self":[{"href":"https:\/\/alliancefraoste.it\/fr\/wp-json\/wp\/v2\/posts\/2299","targetHints":{"allow":["GET"]}}],"collection":[{"href":"https:\/\/alliancefraoste.it\/fr\/wp-json\/wp\/v2\/posts"}],"about":[{"href":"https:\/\/alliancefraoste.it\/fr\/wp-json\/wp\/v2\/types\/post"}],"author":[{"embeddable":true,"href":"https:\/\/alliancefraoste.it\/fr\/wp-json\/wp\/v2\/users\/1"}],"replies":[{"embeddable":true,"href":"https:\/\/alliancefraoste.it\/fr\/wp-json\/wp\/v2\/comments?post=2299"}],"version-history":[{"count":2,"href":"https:\/\/alliancefraoste.it\/fr\/wp-json\/wp\/v2\/posts\/2299\/revisions"}],"predecessor-version":[{"id":2303,"href":"https:\/\/alliancefraoste.it\/fr\/wp-json\/wp\/v2\/posts\/2299\/revisions\/2303"}],"wp:featuredmedia":[{"embeddable":true,"href":"https:\/\/alliancefraoste.it\/fr\/wp-json\/wp\/v2\/media\/2298"}],"wp:attachment":[{"href":"https:\/\/alliancefraoste.it\/fr\/wp-json\/wp\/v2\/media?parent=2299"}],"wp:term":[{"taxonomy":"category","embeddable":true,"href":"https:\/\/alliancefraoste.it\/fr\/wp-json\/wp\/v2\/categories?post=2299"},{"taxonomy":"post_tag","embeddable":true,"href":"https:\/\/alliancefraoste.it\/fr\/wp-json\/wp\/v2\/tags?post=2299"}],"curies":[{"name":"wp","href":"https:\/\/api.w.org\/{rel}","templated":true}]}}