{"id":2358,"date":"2026-03-15T10:27:54","date_gmt":"2026-03-15T10:27:54","guid":{"rendered":"https:\/\/alliancefraoste.it\/francophonie-alberto-visconti-rend-hommage-a-rimbaud-a-aoste\/"},"modified":"2026-03-15T10:29:33","modified_gmt":"2026-03-15T10:29:33","slug":"francophonie-alberto-visconti-rend-hommage-a-rimbaud-a-aoste","status":"publish","type":"post","link":"https:\/\/alliancefraoste.it\/fr\/francophonie-alberto-visconti-rend-hommage-a-rimbaud-a-aoste\/","title":{"rendered":"Francophonie : Alberto Visconti rend hommage \u00e0 Rimbaud \u00e0 Aoste"},"content":{"rendered":"\n<p>Dans le cadre des <strong>Journ\u00e9es de la Francophonie<\/strong> et \u00e0 l\u2019occasion de la <strong>Journ\u00e9e mondiale de la po\u00e9sie<\/strong>, c\u00e9l\u00e9br\u00e9e chaque ann\u00e9e le 21 mars, l\u2019Alliance Fran\u00e7aise de la Vall\u00e9e d&rsquo;Aoste propose au public vald\u00f4tain une rencontre artistique plac\u00e9e sous le signe de la po\u00e9sie et de la musique.<\/p>\n\n\n\n<p>Le <strong>samedi 21 mars \u00e0 18 heures<\/strong>, au <strong>Caf\u00e9 Margarita Lounge<\/strong>, le chanteur-auteur vald\u00f4tain Alberto Visconti pr\u00e9sentera <strong>\u00ab L\u2019Homme aux semelles de vent \u00bb<\/strong>, un spectacle narratif et musical en hommage \u00e0 Arthur Rimbaud, figure fulgurante de la po\u00e9sie moderne.<\/p>\n\n\n\n<p>\u00c0 travers un r\u00e9cit sensible et incarn\u00e9, Alberto Visconti retrace les \u00e9tapes essentielles de l\u2019existence br\u00fblante et nomade du po\u00e8te : de l\u2019enfance tourment\u00e9e \u00e0 Charleville aux \u00e9chapp\u00e9es vers Paris, de la rencontre d\u00e9cisive avec Paul Verlaine aux ann\u00e9es de silence et aux ultimes voyages africains. Le spectacle fait revivre un Rimbaud en perp\u00e9tuelle m\u00e9tamorphose, port\u00e9 par l\u2019urgence de la fuite, de la vision et d\u2019une libert\u00e9 absolue.<\/p>\n\n\n\n<p>Le r\u00e9cit se tisse avec la lecture de textes et de po\u00e8mes choisis et avec l\u2019interpr\u00e9tation de chansons originales ainsi que de grandes \u0153uvres de la chanson francophone, h\u00e9riti\u00e8res spirituelles de l\u2019imaginaire rimbaldien. La po\u00e9sie y dialogue avec la musique dans une forme intime et vibrante, o\u00f9 les mots trouvent une r\u00e9sonance contemporaine.<\/p>\n\n\n\n<p>N\u00e9 \u00e0 Aoste en 1981, Alberto Visconti est le fondateur, auteur, chanteur et guitariste du groupe vald\u00f4tain L&rsquo;Orage. Avec cette formation, il a publi\u00e9 cinq albums et s\u2019est produit sur de nombreuses sc\u00e8nes majeures en Italie. Laur\u00e9at du festival <strong>Musicultura<\/strong> en 2012, il a \u00e9galement collabor\u00e9 avec le chanteur italien Francesco De Gregori lors de plusieurs projets sc\u00e9niques et musicaux. Depuis 2014, il m\u00e8ne parall\u00e8lement une activit\u00e9 d\u2019auteur et de producteur radio.<\/p>\n\n\n\n<p>Avec <strong>\u00ab L\u2019Homme aux semelles de vent \u00bb<\/strong>, Alberto Visconti propose bien plus qu\u2019un simple hommage : une travers\u00e9e po\u00e9tique et musicale qui invite \u00e0 red\u00e9couvrir l\u2019une des voix les plus libres et les plus incandescentes de la litt\u00e9rature fran\u00e7aise. Dans le cadre de la Francophonie, cet \u00e9v\u00e9nement rappelle combien la po\u00e9sie demeure un langage universel, capable de relier les \u00e9poques, les cultures et les imaginaires.<\/p>\n\n\n\n<p><\/p>\n\n\n\n<figure class=\"wp-block-image size-large is-resized\"><img loading=\"lazy\" decoding=\"async\" width=\"724\" height=\"1024\" src=\"https:\/\/alliancefraoste.it\/wp-content\/uploads\/2026\/03\/visconti-1-724x1024.jpg\" alt=\"\" class=\"wp-image-2355\" style=\"aspect-ratio:0.7070267795834287;width:1096px;height:auto\" srcset=\"https:\/\/alliancefraoste.it\/wp-content\/uploads\/2026\/03\/visconti-1-724x1024.jpg 724w, https:\/\/alliancefraoste.it\/wp-content\/uploads\/2026\/03\/visconti-1-212x300.jpg 212w, https:\/\/alliancefraoste.it\/wp-content\/uploads\/2026\/03\/visconti-1-768x1086.jpg 768w, https:\/\/alliancefraoste.it\/wp-content\/uploads\/2026\/03\/visconti-1-1086x1536.jpg 1086w, https:\/\/alliancefraoste.it\/wp-content\/uploads\/2026\/03\/visconti-1-1448x2048.jpg 1448w, https:\/\/alliancefraoste.it\/wp-content\/uploads\/2026\/03\/visconti-1-700x990.jpg 700w, https:\/\/alliancefraoste.it\/wp-content\/uploads\/2026\/03\/visconti-1-scaled.jpg 1810w\" sizes=\"auto, (max-width: 724px) 100vw, 724px\" \/><\/figure>\n","protected":false},"excerpt":{"rendered":"<p>Dans le cadre des Journ\u00e9es de la Francophonie et \u00e0 l\u2019occasion de la Journ\u00e9e mondiale de la po\u00e9sie, c\u00e9l\u00e9br\u00e9e chaque ann\u00e9e le 21 mars, l\u2019Alliance Fran\u00e7aise de la Vall\u00e9e d&rsquo;Aoste propose au public vald\u00f4tain une rencontre artistique plac\u00e9e sous le signe de la po\u00e9sie et&#8230;<\/p>\n","protected":false},"author":1,"featured_media":2354,"comment_status":"closed","ping_status":"closed","sticky":false,"template":"","format":"standard","meta":{"footnotes":""},"categories":[34,29,32,31],"tags":[],"class_list":["post-2358","post","type-post","status-publish","format-standard","has-post-thumbnail","hentry","category-attualita-fr","category-avvisi-fr","category-eventi-fr","category-nouvelles"],"yoast_head":"<!-- This site is optimized with the Yoast SEO plugin v27.4 - https:\/\/yoast.com\/product\/yoast-seo-wordpress\/ -->\n<title>Francophonie : Alberto Visconti rend hommage \u00e0 Rimbaud \u00e0 Aoste - Alliance Francaise<\/title>\n<meta name=\"robots\" content=\"index, follow, max-snippet:-1, max-image-preview:large, max-video-preview:-1\" \/>\n<link rel=\"canonical\" href=\"https:\/\/alliancefraoste.it\/fr\/francophonie-alberto-visconti-rend-hommage-a-rimbaud-a-aoste\/\" \/>\n<meta property=\"og:locale\" content=\"fr_FR\" \/>\n<meta property=\"og:type\" content=\"article\" \/>\n<meta property=\"og:title\" content=\"Francophonie : Alberto Visconti rend hommage \u00e0 Rimbaud \u00e0 Aoste - Alliance Francaise\" \/>\n<meta property=\"og:description\" content=\"Dans le cadre des Journ\u00e9es de la Francophonie et \u00e0 l\u2019occasion de la Journ\u00e9e mondiale de la po\u00e9sie, c\u00e9l\u00e9br\u00e9e chaque ann\u00e9e le 21 mars, l\u2019Alliance Fran\u00e7aise de la Vall\u00e9e d&rsquo;Aoste propose au public vald\u00f4tain une rencontre artistique plac\u00e9e sous le signe de la po\u00e9sie et...\" \/>\n<meta property=\"og:url\" content=\"https:\/\/alliancefraoste.it\/fr\/francophonie-alberto-visconti-rend-hommage-a-rimbaud-a-aoste\/\" \/>\n<meta property=\"og:site_name\" content=\"Alliance Francaise\" \/>\n<meta property=\"article:published_time\" content=\"2026-03-15T10:27:54+00:00\" \/>\n<meta property=\"article:modified_time\" content=\"2026-03-15T10:29:33+00:00\" \/>\n<meta property=\"og:image\" content=\"https:\/\/alliancefraoste.it\/wp-content\/uploads\/2026\/03\/visconti-scaled-e1773570390319.jpg\" \/>\n\t<meta property=\"og:image:width\" content=\"1810\" \/>\n\t<meta property=\"og:image:height\" content=\"2560\" \/>\n\t<meta property=\"og:image:type\" content=\"image\/jpeg\" \/>\n<meta name=\"author\" content=\"admin\" \/>\n<meta name=\"twitter:card\" content=\"summary_large_image\" \/>\n<meta name=\"twitter:label1\" content=\"\u00c9crit par\" \/>\n\t<meta name=\"twitter:data1\" content=\"admin\" \/>\n\t<meta name=\"twitter:label2\" content=\"Dur\u00e9e de lecture estim\u00e9e\" \/>\n\t<meta name=\"twitter:data2\" content=\"3 minutes\" \/>\n<script type=\"application\/ld+json\" class=\"yoast-schema-graph\">{\"@context\":\"https:\\\/\\\/schema.org\",\"@graph\":[{\"@type\":\"Article\",\"@id\":\"https:\\\/\\\/alliancefraoste.it\\\/fr\\\/francophonie-alberto-visconti-rend-hommage-a-rimbaud-a-aoste\\\/#article\",\"isPartOf\":{\"@id\":\"https:\\\/\\\/alliancefraoste.it\\\/fr\\\/francophonie-alberto-visconti-rend-hommage-a-rimbaud-a-aoste\\\/\"},\"author\":{\"name\":\"admin\",\"@id\":\"https:\\\/\\\/alliancefraoste.it\\\/#\\\/schema\\\/person\\\/a70235d88d931c0843a1b3d3666ec83a\"},\"headline\":\"Francophonie : Alberto Visconti rend hommage \u00e0 Rimbaud \u00e0 Aoste\",\"datePublished\":\"2026-03-15T10:27:54+00:00\",\"dateModified\":\"2026-03-15T10:29:33+00:00\",\"mainEntityOfPage\":{\"@id\":\"https:\\\/\\\/alliancefraoste.it\\\/fr\\\/francophonie-alberto-visconti-rend-hommage-a-rimbaud-a-aoste\\\/\"},\"wordCount\":393,\"image\":{\"@id\":\"https:\\\/\\\/alliancefraoste.it\\\/fr\\\/francophonie-alberto-visconti-rend-hommage-a-rimbaud-a-aoste\\\/#primaryimage\"},\"thumbnailUrl\":\"https:\\\/\\\/alliancefraoste.it\\\/wp-content\\\/uploads\\\/2026\\\/03\\\/visconti-scaled-e1773570390319.jpg\",\"articleSection\":[\"attualit\u00e0\",\"avvisi\",\"Eventi\",\"nouvelles\"],\"inLanguage\":\"fr-FR\"},{\"@type\":\"WebPage\",\"@id\":\"https:\\\/\\\/alliancefraoste.it\\\/fr\\\/francophonie-alberto-visconti-rend-hommage-a-rimbaud-a-aoste\\\/\",\"url\":\"https:\\\/\\\/alliancefraoste.it\\\/fr\\\/francophonie-alberto-visconti-rend-hommage-a-rimbaud-a-aoste\\\/\",\"name\":\"Francophonie : Alberto Visconti rend hommage \u00e0 Rimbaud \u00e0 Aoste - Alliance Francaise\",\"isPartOf\":{\"@id\":\"https:\\\/\\\/alliancefraoste.it\\\/#website\"},\"primaryImageOfPage\":{\"@id\":\"https:\\\/\\\/alliancefraoste.it\\\/fr\\\/francophonie-alberto-visconti-rend-hommage-a-rimbaud-a-aoste\\\/#primaryimage\"},\"image\":{\"@id\":\"https:\\\/\\\/alliancefraoste.it\\\/fr\\\/francophonie-alberto-visconti-rend-hommage-a-rimbaud-a-aoste\\\/#primaryimage\"},\"thumbnailUrl\":\"https:\\\/\\\/alliancefraoste.it\\\/wp-content\\\/uploads\\\/2026\\\/03\\\/visconti-scaled-e1773570390319.jpg\",\"datePublished\":\"2026-03-15T10:27:54+00:00\",\"dateModified\":\"2026-03-15T10:29:33+00:00\",\"author\":{\"@id\":\"https:\\\/\\\/alliancefraoste.it\\\/#\\\/schema\\\/person\\\/a70235d88d931c0843a1b3d3666ec83a\"},\"breadcrumb\":{\"@id\":\"https:\\\/\\\/alliancefraoste.it\\\/fr\\\/francophonie-alberto-visconti-rend-hommage-a-rimbaud-a-aoste\\\/#breadcrumb\"},\"inLanguage\":\"fr-FR\",\"potentialAction\":[{\"@type\":\"ReadAction\",\"target\":[\"https:\\\/\\\/alliancefraoste.it\\\/fr\\\/francophonie-alberto-visconti-rend-hommage-a-rimbaud-a-aoste\\\/\"]}]},{\"@type\":\"ImageObject\",\"inLanguage\":\"fr-FR\",\"@id\":\"https:\\\/\\\/alliancefraoste.it\\\/fr\\\/francophonie-alberto-visconti-rend-hommage-a-rimbaud-a-aoste\\\/#primaryimage\",\"url\":\"https:\\\/\\\/alliancefraoste.it\\\/wp-content\\\/uploads\\\/2026\\\/03\\\/visconti-scaled-e1773570390319.jpg\",\"contentUrl\":\"https:\\\/\\\/alliancefraoste.it\\\/wp-content\\\/uploads\\\/2026\\\/03\\\/visconti-scaled-e1773570390319.jpg\",\"width\":1810,\"height\":2560},{\"@type\":\"BreadcrumbList\",\"@id\":\"https:\\\/\\\/alliancefraoste.it\\\/fr\\\/francophonie-alberto-visconti-rend-hommage-a-rimbaud-a-aoste\\\/#breadcrumb\",\"itemListElement\":[{\"@type\":\"ListItem\",\"position\":1,\"name\":\"Home\",\"item\":\"https:\\\/\\\/alliancefraoste.it\\\/fr\\\/\"},{\"@type\":\"ListItem\",\"position\":2,\"name\":\"Francophonie : Alberto Visconti rend hommage \u00e0 Rimbaud \u00e0 Aoste\"}]},{\"@type\":\"WebSite\",\"@id\":\"https:\\\/\\\/alliancefraoste.it\\\/#website\",\"url\":\"https:\\\/\\\/alliancefraoste.it\\\/\",\"name\":\"Alliance Francaise\",\"description\":\"Vall\u00e9e d&#039;Aoste\",\"potentialAction\":[{\"@type\":\"SearchAction\",\"target\":{\"@type\":\"EntryPoint\",\"urlTemplate\":\"https:\\\/\\\/alliancefraoste.it\\\/?s={search_term_string}\"},\"query-input\":{\"@type\":\"PropertyValueSpecification\",\"valueRequired\":true,\"valueName\":\"search_term_string\"}}],\"inLanguage\":\"fr-FR\"},{\"@type\":\"Person\",\"@id\":\"https:\\\/\\\/alliancefraoste.it\\\/#\\\/schema\\\/person\\\/a70235d88d931c0843a1b3d3666ec83a\",\"name\":\"admin\",\"image\":{\"@type\":\"ImageObject\",\"inLanguage\":\"fr-FR\",\"@id\":\"https:\\\/\\\/secure.gravatar.com\\\/avatar\\\/5a57d9e7cc1c0c0b9d6b328f9e115cd7c691f03918a907d8a717c5a5a91d8b1e?s=96&d=mm&r=g\",\"url\":\"https:\\\/\\\/secure.gravatar.com\\\/avatar\\\/5a57d9e7cc1c0c0b9d6b328f9e115cd7c691f03918a907d8a717c5a5a91d8b1e?s=96&d=mm&r=g\",\"contentUrl\":\"https:\\\/\\\/secure.gravatar.com\\\/avatar\\\/5a57d9e7cc1c0c0b9d6b328f9e115cd7c691f03918a907d8a717c5a5a91d8b1e?s=96&d=mm&r=g\",\"caption\":\"admin\"},\"sameAs\":[\"https:\\\/\\\/alliancefraoste.it\"],\"url\":\"https:\\\/\\\/alliancefraoste.it\\\/fr\\\/author\\\/admin\\\/\"}]}<\/script>\n<!-- \/ Yoast SEO plugin. -->","yoast_head_json":{"title":"Francophonie : Alberto Visconti rend hommage \u00e0 Rimbaud \u00e0 Aoste - Alliance Francaise","robots":{"index":"index","follow":"follow","max-snippet":"max-snippet:-1","max-image-preview":"max-image-preview:large","max-video-preview":"max-video-preview:-1"},"canonical":"https:\/\/alliancefraoste.it\/fr\/francophonie-alberto-visconti-rend-hommage-a-rimbaud-a-aoste\/","og_locale":"fr_FR","og_type":"article","og_title":"Francophonie : Alberto Visconti rend hommage \u00e0 Rimbaud \u00e0 Aoste - Alliance Francaise","og_description":"Dans le cadre des Journ\u00e9es de la Francophonie et \u00e0 l\u2019occasion de la Journ\u00e9e mondiale de la po\u00e9sie, c\u00e9l\u00e9br\u00e9e chaque ann\u00e9e le 21 mars, l\u2019Alliance Fran\u00e7aise de la Vall\u00e9e d&rsquo;Aoste propose au public vald\u00f4tain une rencontre artistique plac\u00e9e sous le signe de la po\u00e9sie et...","og_url":"https:\/\/alliancefraoste.it\/fr\/francophonie-alberto-visconti-rend-hommage-a-rimbaud-a-aoste\/","og_site_name":"Alliance Francaise","article_published_time":"2026-03-15T10:27:54+00:00","article_modified_time":"2026-03-15T10:29:33+00:00","og_image":[{"width":1810,"height":2560,"url":"https:\/\/alliancefraoste.it\/wp-content\/uploads\/2026\/03\/visconti-scaled-e1773570390319.jpg","type":"image\/jpeg"}],"author":"admin","twitter_card":"summary_large_image","twitter_misc":{"\u00c9crit par":"admin","Dur\u00e9e de lecture estim\u00e9e":"3 minutes"},"schema":{"@context":"https:\/\/schema.org","@graph":[{"@type":"Article","@id":"https:\/\/alliancefraoste.it\/fr\/francophonie-alberto-visconti-rend-hommage-a-rimbaud-a-aoste\/#article","isPartOf":{"@id":"https:\/\/alliancefraoste.it\/fr\/francophonie-alberto-visconti-rend-hommage-a-rimbaud-a-aoste\/"},"author":{"name":"admin","@id":"https:\/\/alliancefraoste.it\/#\/schema\/person\/a70235d88d931c0843a1b3d3666ec83a"},"headline":"Francophonie : Alberto Visconti rend hommage \u00e0 Rimbaud \u00e0 Aoste","datePublished":"2026-03-15T10:27:54+00:00","dateModified":"2026-03-15T10:29:33+00:00","mainEntityOfPage":{"@id":"https:\/\/alliancefraoste.it\/fr\/francophonie-alberto-visconti-rend-hommage-a-rimbaud-a-aoste\/"},"wordCount":393,"image":{"@id":"https:\/\/alliancefraoste.it\/fr\/francophonie-alberto-visconti-rend-hommage-a-rimbaud-a-aoste\/#primaryimage"},"thumbnailUrl":"https:\/\/alliancefraoste.it\/wp-content\/uploads\/2026\/03\/visconti-scaled-e1773570390319.jpg","articleSection":["attualit\u00e0","avvisi","Eventi","nouvelles"],"inLanguage":"fr-FR"},{"@type":"WebPage","@id":"https:\/\/alliancefraoste.it\/fr\/francophonie-alberto-visconti-rend-hommage-a-rimbaud-a-aoste\/","url":"https:\/\/alliancefraoste.it\/fr\/francophonie-alberto-visconti-rend-hommage-a-rimbaud-a-aoste\/","name":"Francophonie : Alberto Visconti rend hommage \u00e0 Rimbaud \u00e0 Aoste - Alliance Francaise","isPartOf":{"@id":"https:\/\/alliancefraoste.it\/#website"},"primaryImageOfPage":{"@id":"https:\/\/alliancefraoste.it\/fr\/francophonie-alberto-visconti-rend-hommage-a-rimbaud-a-aoste\/#primaryimage"},"image":{"@id":"https:\/\/alliancefraoste.it\/fr\/francophonie-alberto-visconti-rend-hommage-a-rimbaud-a-aoste\/#primaryimage"},"thumbnailUrl":"https:\/\/alliancefraoste.it\/wp-content\/uploads\/2026\/03\/visconti-scaled-e1773570390319.jpg","datePublished":"2026-03-15T10:27:54+00:00","dateModified":"2026-03-15T10:29:33+00:00","author":{"@id":"https:\/\/alliancefraoste.it\/#\/schema\/person\/a70235d88d931c0843a1b3d3666ec83a"},"breadcrumb":{"@id":"https:\/\/alliancefraoste.it\/fr\/francophonie-alberto-visconti-rend-hommage-a-rimbaud-a-aoste\/#breadcrumb"},"inLanguage":"fr-FR","potentialAction":[{"@type":"ReadAction","target":["https:\/\/alliancefraoste.it\/fr\/francophonie-alberto-visconti-rend-hommage-a-rimbaud-a-aoste\/"]}]},{"@type":"ImageObject","inLanguage":"fr-FR","@id":"https:\/\/alliancefraoste.it\/fr\/francophonie-alberto-visconti-rend-hommage-a-rimbaud-a-aoste\/#primaryimage","url":"https:\/\/alliancefraoste.it\/wp-content\/uploads\/2026\/03\/visconti-scaled-e1773570390319.jpg","contentUrl":"https:\/\/alliancefraoste.it\/wp-content\/uploads\/2026\/03\/visconti-scaled-e1773570390319.jpg","width":1810,"height":2560},{"@type":"BreadcrumbList","@id":"https:\/\/alliancefraoste.it\/fr\/francophonie-alberto-visconti-rend-hommage-a-rimbaud-a-aoste\/#breadcrumb","itemListElement":[{"@type":"ListItem","position":1,"name":"Home","item":"https:\/\/alliancefraoste.it\/fr\/"},{"@type":"ListItem","position":2,"name":"Francophonie : Alberto Visconti rend hommage \u00e0 Rimbaud \u00e0 Aoste"}]},{"@type":"WebSite","@id":"https:\/\/alliancefraoste.it\/#website","url":"https:\/\/alliancefraoste.it\/","name":"Alliance Francaise","description":"Vall\u00e9e d&#039;Aoste","potentialAction":[{"@type":"SearchAction","target":{"@type":"EntryPoint","urlTemplate":"https:\/\/alliancefraoste.it\/?s={search_term_string}"},"query-input":{"@type":"PropertyValueSpecification","valueRequired":true,"valueName":"search_term_string"}}],"inLanguage":"fr-FR"},{"@type":"Person","@id":"https:\/\/alliancefraoste.it\/#\/schema\/person\/a70235d88d931c0843a1b3d3666ec83a","name":"admin","image":{"@type":"ImageObject","inLanguage":"fr-FR","@id":"https:\/\/secure.gravatar.com\/avatar\/5a57d9e7cc1c0c0b9d6b328f9e115cd7c691f03918a907d8a717c5a5a91d8b1e?s=96&d=mm&r=g","url":"https:\/\/secure.gravatar.com\/avatar\/5a57d9e7cc1c0c0b9d6b328f9e115cd7c691f03918a907d8a717c5a5a91d8b1e?s=96&d=mm&r=g","contentUrl":"https:\/\/secure.gravatar.com\/avatar\/5a57d9e7cc1c0c0b9d6b328f9e115cd7c691f03918a907d8a717c5a5a91d8b1e?s=96&d=mm&r=g","caption":"admin"},"sameAs":["https:\/\/alliancefraoste.it"],"url":"https:\/\/alliancefraoste.it\/fr\/author\/admin\/"}]}},"_links":{"self":[{"href":"https:\/\/alliancefraoste.it\/fr\/wp-json\/wp\/v2\/posts\/2358","targetHints":{"allow":["GET"]}}],"collection":[{"href":"https:\/\/alliancefraoste.it\/fr\/wp-json\/wp\/v2\/posts"}],"about":[{"href":"https:\/\/alliancefraoste.it\/fr\/wp-json\/wp\/v2\/types\/post"}],"author":[{"embeddable":true,"href":"https:\/\/alliancefraoste.it\/fr\/wp-json\/wp\/v2\/users\/1"}],"replies":[{"embeddable":true,"href":"https:\/\/alliancefraoste.it\/fr\/wp-json\/wp\/v2\/comments?post=2358"}],"version-history":[{"count":1,"href":"https:\/\/alliancefraoste.it\/fr\/wp-json\/wp\/v2\/posts\/2358\/revisions"}],"predecessor-version":[{"id":2359,"href":"https:\/\/alliancefraoste.it\/fr\/wp-json\/wp\/v2\/posts\/2358\/revisions\/2359"}],"wp:featuredmedia":[{"embeddable":true,"href":"https:\/\/alliancefraoste.it\/fr\/wp-json\/wp\/v2\/media\/2354"}],"wp:attachment":[{"href":"https:\/\/alliancefraoste.it\/fr\/wp-json\/wp\/v2\/media?parent=2358"}],"wp:term":[{"taxonomy":"category","embeddable":true,"href":"https:\/\/alliancefraoste.it\/fr\/wp-json\/wp\/v2\/categories?post=2358"},{"taxonomy":"post_tag","embeddable":true,"href":"https:\/\/alliancefraoste.it\/fr\/wp-json\/wp\/v2\/tags?post=2358"}],"curies":[{"name":"wp","href":"https:\/\/api.w.org\/{rel}","templated":true}]}}