{"id":2380,"date":"2026-04-27T09:33:15","date_gmt":"2026-04-27T09:33:15","guid":{"rendered":"https:\/\/alliancefraoste.it\/?p=2380"},"modified":"2026-04-27T09:33:19","modified_gmt":"2026-04-27T09:33:19","slug":"resultats-du-delf-et-dalf-tout-public-session-de-mars-2026","status":"publish","type":"post","link":"https:\/\/alliancefraoste.it\/fr\/resultats-du-delf-et-dalf-tout-public-session-de-mars-2026\/","title":{"rendered":"R\u00e9sultats du DELF et Dalf tout public \u2013 Session de mars 2026"},"content":{"rendered":"\n<p>L&rsquo;Alliance Fran\u00e7aise de la Vall\u00e9e d&rsquo;Aoste a le plaisir d&rsquo;annoncer les r\u00e9sultats de la session de mars 2026 du DELF B1, DELF B2 et DALF C1<\/p>\n\n\n\n<div data-wp-interactive=\"core\/file\" class=\"wp-block-file\"><object data-wp-bind--hidden=\"!state.hasPdfPreview\" hidden class=\"wp-block-file__embed\" data=\"https:\/\/alliancefraoste.it\/wp-content\/uploads\/2026\/04\/marzo2026.pdf\" type=\"application\/pdf\" style=\"width:100%;height:600px\" aria-label=\"Contenu embarqu\u00e9 marzo2026.\"><\/object><a id=\"wp-block-file--media-c91bb090-8473-4438-b540-0d26d6050848\" href=\"https:\/\/alliancefraoste.it\/wp-content\/uploads\/2026\/04\/marzo2026.pdf\">marzo2026<\/a><a href=\"https:\/\/alliancefraoste.it\/wp-content\/uploads\/2026\/04\/marzo2026.pdf\" class=\"wp-block-file__button wp-element-button\" download aria-describedby=\"wp-block-file--media-c91bb090-8473-4438-b540-0d26d6050848\">Download<\/a><\/div>\n\n\n\n<p><\/p>\n","protected":false},"excerpt":{"rendered":"<p>L&rsquo;Alliance Fran\u00e7aise de la Vall\u00e9e d&rsquo;Aoste a le plaisir d&rsquo;annoncer les r\u00e9sultats de la session de mars 2026 du DELF B1, DELF B2 et DALF C1<\/p>\n","protected":false},"author":2,"featured_media":538,"comment_status":"closed","ping_status":"closed","sticky":false,"template":"","format":"standard","meta":{"footnotes":""},"categories":[29,31],"tags":[],"class_list":["post-2380","post","type-post","status-publish","format-standard","has-post-thumbnail","hentry","category-avvisi-fr","category-nouvelles"],"yoast_head":"<!-- This site is optimized with the Yoast SEO plugin v27.4 - https:\/\/yoast.com\/product\/yoast-seo-wordpress\/ -->\n<title>R\u00e9sultats du DELF et Dalf tout public \u2013 Session de mars 2026 - Alliance Francaise<\/title>\n<meta name=\"description\" content=\"L&#039;Alliance Fran\u00e7aise de la Vall\u00e9e d&#039;Aoste a le plaisir d&#039;annoncer que les r\u00e9sultats de la session de f\u00e9vrier 2026 du DELF scolaire et DELF\/DALF Tout Public sont disponibles.\" \/>\n<meta name=\"robots\" content=\"index, follow, max-snippet:-1, max-image-preview:large, max-video-preview:-1\" \/>\n<link rel=\"canonical\" href=\"https:\/\/alliancefraoste.it\/fr\/resultats-du-delf-et-dalf-tout-public-session-de-mars-2026\/\" \/>\n<meta property=\"og:locale\" content=\"fr_FR\" \/>\n<meta property=\"og:type\" content=\"article\" \/>\n<meta property=\"og:title\" content=\"R\u00e9sultats du DELF et Dalf tout public \u2013 Session de mars 2026 - Alliance Francaise\" \/>\n<meta property=\"og:description\" content=\"L&#039;Alliance Fran\u00e7aise de la Vall\u00e9e d&#039;Aoste a le plaisir d&#039;annoncer que les r\u00e9sultats de la session de f\u00e9vrier 2026 du DELF scolaire et DELF\/DALF Tout Public sont disponibles.\" \/>\n<meta property=\"og:url\" content=\"https:\/\/alliancefraoste.it\/fr\/resultats-du-delf-et-dalf-tout-public-session-de-mars-2026\/\" \/>\n<meta property=\"og:site_name\" content=\"Alliance Francaise\" \/>\n<meta property=\"article:published_time\" content=\"2026-04-27T09:33:15+00:00\" \/>\n<meta property=\"article:modified_time\" content=\"2026-04-27T09:33:19+00:00\" \/>\n<meta property=\"og:image\" content=\"https:\/\/alliancefraoste.it\/wp-content\/uploads\/2017\/04\/slide-2.jpg\" \/>\n\t<meta property=\"og:image:width\" content=\"1920\" \/>\n\t<meta property=\"og:image:height\" content=\"925\" \/>\n\t<meta property=\"og:image:type\" content=\"image\/jpeg\" \/>\n<meta name=\"author\" content=\"Alliance Francaise\" \/>\n<meta name=\"twitter:card\" content=\"summary_large_image\" \/>\n<meta name=\"twitter:label1\" content=\"\u00c9crit par\" \/>\n\t<meta name=\"twitter:data1\" content=\"Alliance Francaise\" \/>\n\t<meta name=\"twitter:label2\" content=\"Dur\u00e9e de lecture estim\u00e9e\" \/>\n\t<meta name=\"twitter:data2\" content=\"1 minute\" \/>\n<script type=\"application\/ld+json\" class=\"yoast-schema-graph\">{\"@context\":\"https:\\\/\\\/schema.org\",\"@graph\":[{\"@type\":\"Article\",\"@id\":\"https:\\\/\\\/alliancefraoste.it\\\/fr\\\/resultats-du-delf-et-dalf-tout-public-session-de-mars-2026\\\/#article\",\"isPartOf\":{\"@id\":\"https:\\\/\\\/alliancefraoste.it\\\/fr\\\/resultats-du-delf-et-dalf-tout-public-session-de-mars-2026\\\/\"},\"author\":{\"name\":\"Alliance Francaise\",\"@id\":\"https:\\\/\\\/alliancefraoste.it\\\/#\\\/schema\\\/person\\\/553307e9d40a3bf7dc007d531cc4166f\"},\"headline\":\"R\u00e9sultats du DELF et Dalf tout public \u2013 Session de mars 2026\",\"datePublished\":\"2026-04-27T09:33:15+00:00\",\"dateModified\":\"2026-04-27T09:33:19+00:00\",\"mainEntityOfPage\":{\"@id\":\"https:\\\/\\\/alliancefraoste.it\\\/fr\\\/resultats-du-delf-et-dalf-tout-public-session-de-mars-2026\\\/\"},\"wordCount\":41,\"image\":{\"@id\":\"https:\\\/\\\/alliancefraoste.it\\\/fr\\\/resultats-du-delf-et-dalf-tout-public-session-de-mars-2026\\\/#primaryimage\"},\"thumbnailUrl\":\"https:\\\/\\\/alliancefraoste.it\\\/wp-content\\\/uploads\\\/2017\\\/04\\\/slide-2.jpg\",\"articleSection\":[\"avvisi\",\"nouvelles\"],\"inLanguage\":\"fr-FR\"},{\"@type\":\"WebPage\",\"@id\":\"https:\\\/\\\/alliancefraoste.it\\\/fr\\\/resultats-du-delf-et-dalf-tout-public-session-de-mars-2026\\\/\",\"url\":\"https:\\\/\\\/alliancefraoste.it\\\/fr\\\/resultats-du-delf-et-dalf-tout-public-session-de-mars-2026\\\/\",\"name\":\"R\u00e9sultats du DELF et Dalf tout public \u2013 Session de mars 2026 - Alliance Francaise\",\"isPartOf\":{\"@id\":\"https:\\\/\\\/alliancefraoste.it\\\/#website\"},\"primaryImageOfPage\":{\"@id\":\"https:\\\/\\\/alliancefraoste.it\\\/fr\\\/resultats-du-delf-et-dalf-tout-public-session-de-mars-2026\\\/#primaryimage\"},\"image\":{\"@id\":\"https:\\\/\\\/alliancefraoste.it\\\/fr\\\/resultats-du-delf-et-dalf-tout-public-session-de-mars-2026\\\/#primaryimage\"},\"thumbnailUrl\":\"https:\\\/\\\/alliancefraoste.it\\\/wp-content\\\/uploads\\\/2017\\\/04\\\/slide-2.jpg\",\"datePublished\":\"2026-04-27T09:33:15+00:00\",\"dateModified\":\"2026-04-27T09:33:19+00:00\",\"author\":{\"@id\":\"https:\\\/\\\/alliancefraoste.it\\\/#\\\/schema\\\/person\\\/553307e9d40a3bf7dc007d531cc4166f\"},\"description\":\"L'Alliance Fran\u00e7aise de la Vall\u00e9e d'Aoste a le plaisir d'annoncer que les r\u00e9sultats de la session de f\u00e9vrier 2026 du DELF scolaire et DELF\\\/DALF Tout Public sont disponibles.\",\"breadcrumb\":{\"@id\":\"https:\\\/\\\/alliancefraoste.it\\\/fr\\\/resultats-du-delf-et-dalf-tout-public-session-de-mars-2026\\\/#breadcrumb\"},\"inLanguage\":\"fr-FR\",\"potentialAction\":[{\"@type\":\"ReadAction\",\"target\":[\"https:\\\/\\\/alliancefraoste.it\\\/fr\\\/resultats-du-delf-et-dalf-tout-public-session-de-mars-2026\\\/\"]}]},{\"@type\":\"ImageObject\",\"inLanguage\":\"fr-FR\",\"@id\":\"https:\\\/\\\/alliancefraoste.it\\\/fr\\\/resultats-du-delf-et-dalf-tout-public-session-de-mars-2026\\\/#primaryimage\",\"url\":\"https:\\\/\\\/alliancefraoste.it\\\/wp-content\\\/uploads\\\/2017\\\/04\\\/slide-2.jpg\",\"contentUrl\":\"https:\\\/\\\/alliancefraoste.it\\\/wp-content\\\/uploads\\\/2017\\\/04\\\/slide-2.jpg\",\"width\":1920,\"height\":925},{\"@type\":\"BreadcrumbList\",\"@id\":\"https:\\\/\\\/alliancefraoste.it\\\/fr\\\/resultats-du-delf-et-dalf-tout-public-session-de-mars-2026\\\/#breadcrumb\",\"itemListElement\":[{\"@type\":\"ListItem\",\"position\":1,\"name\":\"Home\",\"item\":\"https:\\\/\\\/alliancefraoste.it\\\/fr\\\/\"},{\"@type\":\"ListItem\",\"position\":2,\"name\":\"R\u00e9sultats du DELF et Dalf tout public \u2013 Session de mars 2026\"}]},{\"@type\":\"WebSite\",\"@id\":\"https:\\\/\\\/alliancefraoste.it\\\/#website\",\"url\":\"https:\\\/\\\/alliancefraoste.it\\\/\",\"name\":\"Alliance Francaise\",\"description\":\"Vall\u00e9e d&#039;Aoste\",\"potentialAction\":[{\"@type\":\"SearchAction\",\"target\":{\"@type\":\"EntryPoint\",\"urlTemplate\":\"https:\\\/\\\/alliancefraoste.it\\\/?s={search_term_string}\"},\"query-input\":{\"@type\":\"PropertyValueSpecification\",\"valueRequired\":true,\"valueName\":\"search_term_string\"}}],\"inLanguage\":\"fr-FR\"},{\"@type\":\"Person\",\"@id\":\"https:\\\/\\\/alliancefraoste.it\\\/#\\\/schema\\\/person\\\/553307e9d40a3bf7dc007d531cc4166f\",\"name\":\"Alliance Francaise\",\"image\":{\"@type\":\"ImageObject\",\"inLanguage\":\"fr-FR\",\"@id\":\"https:\\\/\\\/secure.gravatar.com\\\/avatar\\\/48fce5a77fdd05adbfa91d145bee84911b0f25613fd03f22c9bf6c717f9c6cdb?s=96&d=mm&r=g\",\"url\":\"https:\\\/\\\/secure.gravatar.com\\\/avatar\\\/48fce5a77fdd05adbfa91d145bee84911b0f25613fd03f22c9bf6c717f9c6cdb?s=96&d=mm&r=g\",\"contentUrl\":\"https:\\\/\\\/secure.gravatar.com\\\/avatar\\\/48fce5a77fdd05adbfa91d145bee84911b0f25613fd03f22c9bf6c717f9c6cdb?s=96&d=mm&r=g\",\"caption\":\"Alliance Francaise\"},\"url\":\"https:\\\/\\\/alliancefraoste.it\\\/fr\\\/author\\\/alliancefr\\\/\"}]}<\/script>\n<!-- \/ Yoast SEO plugin. -->","yoast_head_json":{"title":"R\u00e9sultats du DELF et Dalf tout public \u2013 Session de mars 2026 - Alliance Francaise","description":"L'Alliance Fran\u00e7aise de la Vall\u00e9e d'Aoste a le plaisir d'annoncer que les r\u00e9sultats de la session de f\u00e9vrier 2026 du DELF scolaire et DELF\/DALF Tout Public sont disponibles.","robots":{"index":"index","follow":"follow","max-snippet":"max-snippet:-1","max-image-preview":"max-image-preview:large","max-video-preview":"max-video-preview:-1"},"canonical":"https:\/\/alliancefraoste.it\/fr\/resultats-du-delf-et-dalf-tout-public-session-de-mars-2026\/","og_locale":"fr_FR","og_type":"article","og_title":"R\u00e9sultats du DELF et Dalf tout public \u2013 Session de mars 2026 - Alliance Francaise","og_description":"L'Alliance Fran\u00e7aise de la Vall\u00e9e d'Aoste a le plaisir d'annoncer que les r\u00e9sultats de la session de f\u00e9vrier 2026 du DELF scolaire et DELF\/DALF Tout Public sont disponibles.","og_url":"https:\/\/alliancefraoste.it\/fr\/resultats-du-delf-et-dalf-tout-public-session-de-mars-2026\/","og_site_name":"Alliance Francaise","article_published_time":"2026-04-27T09:33:15+00:00","article_modified_time":"2026-04-27T09:33:19+00:00","og_image":[{"width":1920,"height":925,"url":"https:\/\/alliancefraoste.it\/wp-content\/uploads\/2017\/04\/slide-2.jpg","type":"image\/jpeg"}],"author":"Alliance Francaise","twitter_card":"summary_large_image","twitter_misc":{"\u00c9crit par":"Alliance Francaise","Dur\u00e9e de lecture estim\u00e9e":"1 minute"},"schema":{"@context":"https:\/\/schema.org","@graph":[{"@type":"Article","@id":"https:\/\/alliancefraoste.it\/fr\/resultats-du-delf-et-dalf-tout-public-session-de-mars-2026\/#article","isPartOf":{"@id":"https:\/\/alliancefraoste.it\/fr\/resultats-du-delf-et-dalf-tout-public-session-de-mars-2026\/"},"author":{"name":"Alliance Francaise","@id":"https:\/\/alliancefraoste.it\/#\/schema\/person\/553307e9d40a3bf7dc007d531cc4166f"},"headline":"R\u00e9sultats du DELF et Dalf tout public \u2013 Session de mars 2026","datePublished":"2026-04-27T09:33:15+00:00","dateModified":"2026-04-27T09:33:19+00:00","mainEntityOfPage":{"@id":"https:\/\/alliancefraoste.it\/fr\/resultats-du-delf-et-dalf-tout-public-session-de-mars-2026\/"},"wordCount":41,"image":{"@id":"https:\/\/alliancefraoste.it\/fr\/resultats-du-delf-et-dalf-tout-public-session-de-mars-2026\/#primaryimage"},"thumbnailUrl":"https:\/\/alliancefraoste.it\/wp-content\/uploads\/2017\/04\/slide-2.jpg","articleSection":["avvisi","nouvelles"],"inLanguage":"fr-FR"},{"@type":"WebPage","@id":"https:\/\/alliancefraoste.it\/fr\/resultats-du-delf-et-dalf-tout-public-session-de-mars-2026\/","url":"https:\/\/alliancefraoste.it\/fr\/resultats-du-delf-et-dalf-tout-public-session-de-mars-2026\/","name":"R\u00e9sultats du DELF et Dalf tout public \u2013 Session de mars 2026 - Alliance Francaise","isPartOf":{"@id":"https:\/\/alliancefraoste.it\/#website"},"primaryImageOfPage":{"@id":"https:\/\/alliancefraoste.it\/fr\/resultats-du-delf-et-dalf-tout-public-session-de-mars-2026\/#primaryimage"},"image":{"@id":"https:\/\/alliancefraoste.it\/fr\/resultats-du-delf-et-dalf-tout-public-session-de-mars-2026\/#primaryimage"},"thumbnailUrl":"https:\/\/alliancefraoste.it\/wp-content\/uploads\/2017\/04\/slide-2.jpg","datePublished":"2026-04-27T09:33:15+00:00","dateModified":"2026-04-27T09:33:19+00:00","author":{"@id":"https:\/\/alliancefraoste.it\/#\/schema\/person\/553307e9d40a3bf7dc007d531cc4166f"},"description":"L'Alliance Fran\u00e7aise de la Vall\u00e9e d'Aoste a le plaisir d'annoncer que les r\u00e9sultats de la session de f\u00e9vrier 2026 du DELF scolaire et DELF\/DALF Tout Public sont disponibles.","breadcrumb":{"@id":"https:\/\/alliancefraoste.it\/fr\/resultats-du-delf-et-dalf-tout-public-session-de-mars-2026\/#breadcrumb"},"inLanguage":"fr-FR","potentialAction":[{"@type":"ReadAction","target":["https:\/\/alliancefraoste.it\/fr\/resultats-du-delf-et-dalf-tout-public-session-de-mars-2026\/"]}]},{"@type":"ImageObject","inLanguage":"fr-FR","@id":"https:\/\/alliancefraoste.it\/fr\/resultats-du-delf-et-dalf-tout-public-session-de-mars-2026\/#primaryimage","url":"https:\/\/alliancefraoste.it\/wp-content\/uploads\/2017\/04\/slide-2.jpg","contentUrl":"https:\/\/alliancefraoste.it\/wp-content\/uploads\/2017\/04\/slide-2.jpg","width":1920,"height":925},{"@type":"BreadcrumbList","@id":"https:\/\/alliancefraoste.it\/fr\/resultats-du-delf-et-dalf-tout-public-session-de-mars-2026\/#breadcrumb","itemListElement":[{"@type":"ListItem","position":1,"name":"Home","item":"https:\/\/alliancefraoste.it\/fr\/"},{"@type":"ListItem","position":2,"name":"R\u00e9sultats du DELF et Dalf tout public \u2013 Session de mars 2026"}]},{"@type":"WebSite","@id":"https:\/\/alliancefraoste.it\/#website","url":"https:\/\/alliancefraoste.it\/","name":"Alliance Francaise","description":"Vall\u00e9e d&#039;Aoste","potentialAction":[{"@type":"SearchAction","target":{"@type":"EntryPoint","urlTemplate":"https:\/\/alliancefraoste.it\/?s={search_term_string}"},"query-input":{"@type":"PropertyValueSpecification","valueRequired":true,"valueName":"search_term_string"}}],"inLanguage":"fr-FR"},{"@type":"Person","@id":"https:\/\/alliancefraoste.it\/#\/schema\/person\/553307e9d40a3bf7dc007d531cc4166f","name":"Alliance Francaise","image":{"@type":"ImageObject","inLanguage":"fr-FR","@id":"https:\/\/secure.gravatar.com\/avatar\/48fce5a77fdd05adbfa91d145bee84911b0f25613fd03f22c9bf6c717f9c6cdb?s=96&d=mm&r=g","url":"https:\/\/secure.gravatar.com\/avatar\/48fce5a77fdd05adbfa91d145bee84911b0f25613fd03f22c9bf6c717f9c6cdb?s=96&d=mm&r=g","contentUrl":"https:\/\/secure.gravatar.com\/avatar\/48fce5a77fdd05adbfa91d145bee84911b0f25613fd03f22c9bf6c717f9c6cdb?s=96&d=mm&r=g","caption":"Alliance Francaise"},"url":"https:\/\/alliancefraoste.it\/fr\/author\/alliancefr\/"}]}},"_links":{"self":[{"href":"https:\/\/alliancefraoste.it\/fr\/wp-json\/wp\/v2\/posts\/2380","targetHints":{"allow":["GET"]}}],"collection":[{"href":"https:\/\/alliancefraoste.it\/fr\/wp-json\/wp\/v2\/posts"}],"about":[{"href":"https:\/\/alliancefraoste.it\/fr\/wp-json\/wp\/v2\/types\/post"}],"author":[{"embeddable":true,"href":"https:\/\/alliancefraoste.it\/fr\/wp-json\/wp\/v2\/users\/2"}],"replies":[{"embeddable":true,"href":"https:\/\/alliancefraoste.it\/fr\/wp-json\/wp\/v2\/comments?post=2380"}],"version-history":[{"count":1,"href":"https:\/\/alliancefraoste.it\/fr\/wp-json\/wp\/v2\/posts\/2380\/revisions"}],"predecessor-version":[{"id":2382,"href":"https:\/\/alliancefraoste.it\/fr\/wp-json\/wp\/v2\/posts\/2380\/revisions\/2382"}],"wp:featuredmedia":[{"embeddable":true,"href":"https:\/\/alliancefraoste.it\/fr\/wp-json\/wp\/v2\/media\/538"}],"wp:attachment":[{"href":"https:\/\/alliancefraoste.it\/fr\/wp-json\/wp\/v2\/media?parent=2380"}],"wp:term":[{"taxonomy":"category","embeddable":true,"href":"https:\/\/alliancefraoste.it\/fr\/wp-json\/wp\/v2\/categories?post=2380"},{"taxonomy":"post_tag","embeddable":true,"href":"https:\/\/alliancefraoste.it\/fr\/wp-json\/wp\/v2\/tags?post=2380"}],"curies":[{"name":"wp","href":"https:\/\/api.w.org\/{rel}","templated":true}]}}